{"id":4785,"date":"2014-09-07T16:05:14","date_gmt":"2014-09-07T14:05:14","guid":{"rendered":"http:\/\/www.radclub-inzing.at\/?p=4785"},"modified":"2014-09-07T16:05:14","modified_gmt":"2014-09-07T14:05:14","slug":"28-vereinsmeisterschaft-des-oamtc-raika-kleidermair-asv-inzing","status":"publish","type":"post","link":"https:\/\/rad.asvi.at\/?p=4785","title":{"rendered":"28. Vereinsmeisterschaft des \u00d6AMTC RAIKA KLEIDERMAIR ASV INZING"},"content":{"rendered":"<p>Bei traumhaften \u00e4u\u00dferen Bedingungen fand heute am 07.09. 2014 die 28. Vereinmeisterschaft des ASV inzing Sektion Rad statt. Heuer ging die Strecke wieder einmal von Inzing nach Ranggen &#8211; 12,8m &#8211; die den Fahrern doch so einiges abverlangte! Immerhin 21 Fahrer stellten sich der Herausforderung &#8211; am st\u00e4rksten vertreten einmal mehr die Hobby-Truppe unseres Vereins!<\/p>\n<p><strong>Vereinmeisterin<\/strong> wurde die erst 13-J\u00e4hrige <strong>Pia Totschnig<\/strong> aus Zirl in der tollen Zeit von <strong>21,17 min<\/strong>!<\/p>\n<p><strong>Vereinsmeister<\/strong> ein alter &#8222;Bekannter&#8220;, -der den Titel schon fast &#8222;abboniert&#8220; hat- <strong>Florian Draxl<\/strong> in <strong>16,30 min<\/strong>!<\/p>\n<p>Offizielle Ergebnisliste VM-2014: <a href=\"http:\/\/www.radclub-inzing.at\/?attachment_id=4786\">http:\/\/www.radclub-inzing.at\/?attachment_id=4786<\/a><\/p>\n","protected":false},"excerpt":{"rendered":"<p>Bei traumhaften \u00e4u\u00dferen Bedingungen fand heute am 07.09. 2014 die 28. Vereinmeisterschaft des ASV inzing Sektion Rad statt. Heuer ging die Strecke wieder einmal von Inzing nach Ranggen &#8211; 12,8m &#8211; die den Fahrern doch so einiges abverlangte! Immerhin 21 Fahrer stellten sich der Herausforderung &#8211; am st\u00e4rksten vertreten einmal mehr die Hobby-Truppe unseres Vereins!&hellip;&nbsp;<a href=\"https:\/\/rad.asvi.at\/?p=4785\" class=\"\" rel=\"bookmark\">Weiterlesen &raquo;<span class=\"screen-reader-text\">28. Vereinsmeisterschaft des \u00d6AMTC RAIKA KLEIDERMAIR ASV INZING<\/span><\/a><\/p>\n","protected":false},"author":2,"featured_media":4814,"comment_status":"open","ping_status":"closed","sticky":false,"template":"","format":"standard","meta":{"neve_meta_sidebar":"","neve_meta_container":"","neve_meta_enable_content_width":"","neve_meta_content_width":0,"neve_meta_title_alignment":"","neve_meta_author_avatar":"","neve_post_elements_order":"","neve_meta_disable_header":"","neve_meta_disable_footer":"","neve_meta_disable_title":"","footnotes":""},"categories":[9,10,11],"tags":[],"class_list":["post-4785","post","type-post","status-publish","format-standard","has-post-thumbnail","hentry","category-allgemein","category-hobbysport","category-rennsport"],"featured_image_urls":{"full":"","thumbnail":"","medium":"","medium_large":"","large":"","xl":"","xxl":"","xxxl":"","xxxxl":"","xxxxxl":"","1536x1536":"","2048x2048":"","neve-blog":""},"post_excerpt_stackable":"<p>Bei traumhaften \u00e4u\u00dferen Bedingungen fand heute am 07.09. 2014 die 28. Vereinmeisterschaft des ASV inzing Sektion Rad statt. Heuer ging die Strecke wieder einmal von Inzing nach Ranggen &#8211; 12,8m &#8211; die den Fahrern doch so einiges abverlangte! Immerhin 21 Fahrer stellten sich der Herausforderung &#8211; am st\u00e4rksten vertreten einmal mehr die Hobby-Truppe unseres Vereins! Vereinmeisterin wurde die erst 13-J\u00e4hrige Pia Totschnig aus Zirl in der tollen Zeit von 21,17 min! Vereinsmeister ein alter &#8222;Bekannter&#8220;, -der den Titel schon fast &#8222;abboniert&#8220; hat- Florian Draxl in 16,30 min! Offizielle Ergebnisliste VM-2014: http:\/\/www.radclub-inzing.at\/?attachment_id=4786<\/p>\n","category_list":"<a href=\"https:\/\/rad.asvi.at\/?cat=9\" rel=\"category\">Allgemein<\/a>, <a href=\"https:\/\/rad.asvi.at\/?cat=10\" rel=\"category\">Hobbysport<\/a>, <a href=\"https:\/\/rad.asvi.at\/?cat=11\" rel=\"category\">Rennsport<\/a>","author_info":{"name":"Roman","url":"https:\/\/rad.asvi.at\/?author=2"},"comments_num":"0 comments","_links":{"self":[{"href":"https:\/\/rad.asvi.at\/index.php?rest_route=\/wp\/v2\/posts\/4785","targetHints":{"allow":["GET"]}}],"collection":[{"href":"https:\/\/rad.asvi.at\/index.php?rest_route=\/wp\/v2\/posts"}],"about":[{"href":"https:\/\/rad.asvi.at\/index.php?rest_route=\/wp\/v2\/types\/post"}],"author":[{"embeddable":true,"href":"https:\/\/rad.asvi.at\/index.php?rest_route=\/wp\/v2\/users\/2"}],"replies":[{"embeddable":true,"href":"https:\/\/rad.asvi.at\/index.php?rest_route=%2Fwp%2Fv2%2Fcomments&post=4785"}],"version-history":[{"count":1,"href":"https:\/\/rad.asvi.at\/index.php?rest_route=\/wp\/v2\/posts\/4785\/revisions"}],"predecessor-version":[{"id":8252,"href":"https:\/\/rad.asvi.at\/index.php?rest_route=\/wp\/v2\/posts\/4785\/revisions\/8252"}],"wp:featuredmedia":[{"embeddable":true,"href":"https:\/\/rad.asvi.at\/index.php?rest_route=\/"}],"wp:attachment":[{"href":"https:\/\/rad.asvi.at\/index.php?rest_route=%2Fwp%2Fv2%2Fmedia&parent=4785"}],"wp:term":[{"taxonomy":"category","embeddable":true,"href":"https:\/\/rad.asvi.at\/index.php?rest_route=%2Fwp%2Fv2%2Fcategories&post=4785"},{"taxonomy":"post_tag","embeddable":true,"href":"https:\/\/rad.asvi.at\/index.php?rest_route=%2Fwp%2Fv2%2Ftags&post=4785"}],"curies":[{"name":"wp","href":"https:\/\/api.w.org\/{rel}","templated":true}]}}