{"id":4864,"date":"2014-09-17T19:50:46","date_gmt":"2014-09-17T17:50:46","guid":{"rendered":"http:\/\/www.radclub-inzing.at\/?p=4864"},"modified":"2014-09-17T19:50:46","modified_gmt":"2014-09-17T17:50:46","slug":"cross-country-rennen-mieming-13-09-2014","status":"publish","type":"post","link":"https:\/\/rad.asvi.at\/?p=4864","title":{"rendered":"Cross Country Rennen Mieming 13.09.2014"},"content":{"rendered":"<div><span style=\"font-family: Calibri\">Heute stand das vorletzte Rennen im Mountainbike Cup Tirol (MCT) in Mieming auf dem Programm.<\/span><\/div>\n<div><span style=\"font-family: Calibri\">Bei sehr k\u00fchlen, nassen und damit verbundenen rutschigen Bedingungen k\u00e4mpften sich die Griesser Kids wieder einmal durch den Dreck.<\/span><\/div>\n<div><span style=\"font-family: Calibri\">Ramona hatte vier Runden mit einer L\u00e4nge von jeweils 520m auf teils rutschigen Waldsteigen zu bew\u00e4ltigen. Sie kam als F\u00fcnfte ins Ziel.<\/span><\/div>\n<div><span style=\"font-family: Calibri\">Lukas musste drei Runden mit jeweils 2.300m auf teils schlammigen und tiefen Wald und<\/span><\/div>\n<div><span style=\"font-family: Calibri\">Wiesenboden absolvieren. Er schaffte schlu\u00dfendlich den siebten Platz.<br \/>\n<\/span><\/div>\n","protected":false},"excerpt":{"rendered":"<p>Heute stand das vorletzte Rennen im Mountainbike Cup Tirol (MCT) in Mieming auf dem Programm. Bei sehr k\u00fchlen, nassen und damit verbundenen rutschigen Bedingungen k\u00e4mpften sich die Griesser Kids wieder einmal durch den Dreck. Ramona hatte vier Runden mit einer L\u00e4nge von jeweils 520m auf teils rutschigen Waldsteigen zu bew\u00e4ltigen. Sie kam als F\u00fcnfte ins&hellip;&nbsp;<a href=\"https:\/\/rad.asvi.at\/?p=4864\" class=\"\" rel=\"bookmark\">Weiterlesen &raquo;<span class=\"screen-reader-text\">Cross Country Rennen Mieming 13.09.2014<\/span><\/a><\/p>\n","protected":false},"author":2,"featured_media":0,"comment_status":"open","ping_status":"closed","sticky":false,"template":"","format":"standard","meta":{"neve_meta_sidebar":"","neve_meta_container":"","neve_meta_enable_content_width":"","neve_meta_content_width":0,"neve_meta_title_alignment":"","neve_meta_author_avatar":"","neve_post_elements_order":"","neve_meta_disable_header":"","neve_meta_disable_footer":"","neve_meta_disable_title":"","footnotes":""},"categories":[11],"tags":[],"class_list":["post-4864","post","type-post","status-publish","format-standard","hentry","category-rennsport"],"featured_image_urls":{"full":"","thumbnail":"","medium":"","medium_large":"","large":"","xl":"","xxl":"","xxxl":"","xxxxl":"","xxxxxl":"","1536x1536":"","2048x2048":"","neve-blog":""},"post_excerpt_stackable":"<p>Heute stand das vorletzte Rennen im Mountainbike Cup Tirol (MCT) in Mieming auf dem Programm. Bei sehr k\u00fchlen, nassen und damit verbundenen rutschigen Bedingungen k\u00e4mpften sich die Griesser Kids wieder einmal durch den Dreck. Ramona hatte vier Runden mit einer L\u00e4nge von jeweils 520m auf teils rutschigen Waldsteigen zu bew\u00e4ltigen. Sie kam als F\u00fcnfte ins Ziel. Lukas musste drei Runden mit jeweils 2.300m auf teils schlammigen und tiefen Wald und Wiesenboden absolvieren. Er schaffte schlu\u00dfendlich den siebten Platz.<\/p>\n","category_list":"<a href=\"https:\/\/rad.asvi.at\/?cat=11\" rel=\"category\">Rennsport<\/a>","author_info":{"name":"Roman","url":"https:\/\/rad.asvi.at\/?author=2"},"comments_num":"0 comments","_links":{"self":[{"href":"https:\/\/rad.asvi.at\/index.php?rest_route=\/wp\/v2\/posts\/4864","targetHints":{"allow":["GET"]}}],"collection":[{"href":"https:\/\/rad.asvi.at\/index.php?rest_route=\/wp\/v2\/posts"}],"about":[{"href":"https:\/\/rad.asvi.at\/index.php?rest_route=\/wp\/v2\/types\/post"}],"author":[{"embeddable":true,"href":"https:\/\/rad.asvi.at\/index.php?rest_route=\/wp\/v2\/users\/2"}],"replies":[{"embeddable":true,"href":"https:\/\/rad.asvi.at\/index.php?rest_route=%2Fwp%2Fv2%2Fcomments&post=4864"}],"version-history":[{"count":0,"href":"https:\/\/rad.asvi.at\/index.php?rest_route=\/wp\/v2\/posts\/4864\/revisions"}],"wp:attachment":[{"href":"https:\/\/rad.asvi.at\/index.php?rest_route=%2Fwp%2Fv2%2Fmedia&parent=4864"}],"wp:term":[{"taxonomy":"category","embeddable":true,"href":"https:\/\/rad.asvi.at\/index.php?rest_route=%2Fwp%2Fv2%2Fcategories&post=4864"},{"taxonomy":"post_tag","embeddable":true,"href":"https:\/\/rad.asvi.at\/index.php?rest_route=%2Fwp%2Fv2%2Ftags&post=4864"}],"curies":[{"name":"wp","href":"https:\/\/api.w.org\/{rel}","templated":true}]}}