{"id":4873,"date":"2014-09-20T20:13:02","date_gmt":"2014-09-20T18:13:02","guid":{"rendered":"http:\/\/www.radclub-inzing.at\/?p=4873"},"modified":"2014-09-20T20:13:02","modified_gmt":"2014-09-20T18:13:02","slug":"19-groser-raika-bergpreis-inzing-stiglreithtm-berg","status":"publish","type":"post","link":"https:\/\/rad.asvi.at\/?p=4873","title":{"rendered":"19. Gro\u00dfer Raika Bergpreis Inzing.-Stiglreith\/TM-Berg"},"content":{"rendered":"<p>Bei ausgezeichneten \u00e4u\u00dferen Bedingungen fand heute Sa 20.09.2014 bereits zum 19. Mal der Gro\u00dfe Bergpreis von Inzing auf das Stiglreith statt! Wieder einmal hervorragend von unserem Verein organisiert, h\u00e4tte sich dieser Klassiker wohl wesentlich mehr Starter erwartet und auch verdient! Nicht einmal 50 (!) Starter insgesamt &#8211; das ist absoluter &#8222;Negativ&#8220;-Rekord! Der sp\u00e4te Termin wird wohl auch eine Rolle gespielt haben.<\/p>\n<p>Hervorragend aber die Leistungen der Teinehmer: Sensationell der junge Benjamin Brkic (Jun-\u00d6amtc Scott LAtella Raika), der sogar die Elitefahrer hinter sich lie\u00df und in 38,24 min den Tagessieg holte.<\/p>\n<p>Aus Inzinger Sicht erfreulich, dass in fast allen Kategorien Fahrer am Start waren und sich sehr gut platzierten: <em><strong>Pia Totschnig<\/strong> <\/em>wurde <strong>2.<\/strong> bei den M\u00e4dchen, <em><strong>Grie\u00dfer Lukas <\/strong><\/em><strong>4.<\/strong> bei den U13, <em><strong>Elias Huemer<\/strong> <\/em><strong>4<\/strong>. bei den U15, <em><strong>Elias Farbmacher<\/strong> <\/em><strong>7<\/strong>. bei den U17, <em><strong>Fabian Morianz<\/strong> <\/em><strong>3.<\/strong> bei den Junioren und <em><strong>Andreas Rudigier<\/strong> <\/em><strong>8<\/strong>. bei den Amateuren!<\/p>\n<p><em><strong>Fabian Morianz<\/strong> <\/em>errang damit auch die <strong>Bronzemedaille<\/strong> bei den <strong>Tiroler Meisterschaften<\/strong> am Berg! Er war heute aber wohl mit einem &#8222;lachenden und einem weinenden Auge&#8220; am Start &#8211; zum Einen freut ihn, dass die Saison nun zu Ende geht und die Winterpause kommt, zum Anderen wei\u00df er, dass mit diesem Rennen, das wahrscheinlich das Letzte im Inzinger Dress war, auch ein Ausbildungsabschnitt in seinem Rennfahrerleben zu Ende geht. Fabian fuhr 6 Jahre sehr erfolgreich in unseren Farben! Danke an dieser Stelle f\u00fcr deinen Einsatz! Wir w\u00fcnschen dir in deinem neuen\u00a0Rennstall dem U23-Tirol-Cyclig-Team weiterhin viel Erfolg!<\/p>\n<p>&nbsp;<\/p>\n<p><a href=\"http:\/\/www.radclub-inzing.at\/?attachment_id=4929\" target=\"_blank\" rel=\"noopener\"><img decoding=\"async\" src=\"http:\/\/www.radclub-inzing.at\/wp-includes\/images\/crystal\/document.png\" alt=\"\" \/><\/a><em><strong>\u00a0Offizielle Ergebnisliste<\/strong><\/em>!<\/p>\n<p>&nbsp;<\/p>\n","protected":false},"excerpt":{"rendered":"<p>Bei ausgezeichneten \u00e4u\u00dferen Bedingungen fand heute Sa 20.09.2014 bereits zum 19. Mal der Gro\u00dfe Bergpreis von Inzing auf das Stiglreith statt! Wieder einmal hervorragend von unserem Verein organisiert, h\u00e4tte sich dieser Klassiker wohl wesentlich mehr Starter erwartet und auch verdient! Nicht einmal 50 (!) Starter insgesamt &#8211; das ist absoluter &#8222;Negativ&#8220;-Rekord! Der sp\u00e4te Termin wird&hellip;&nbsp;<a href=\"https:\/\/rad.asvi.at\/?p=4873\" class=\"\" rel=\"bookmark\">Weiterlesen &raquo;<span class=\"screen-reader-text\">19. Gro\u00dfer Raika Bergpreis Inzing.-Stiglreith\/TM-Berg<\/span><\/a><\/p>\n","protected":false},"author":2,"featured_media":4874,"comment_status":"open","ping_status":"closed","sticky":false,"template":"","format":"standard","meta":{"neve_meta_sidebar":"","neve_meta_container":"","neve_meta_enable_content_width":"","neve_meta_content_width":0,"neve_meta_title_alignment":"","neve_meta_author_avatar":"","neve_post_elements_order":"","neve_meta_disable_header":"","neve_meta_disable_footer":"","neve_meta_disable_title":"","footnotes":""},"categories":[9,10,11],"tags":[],"class_list":["post-4873","post","type-post","status-publish","format-standard","has-post-thumbnail","hentry","category-allgemein","category-hobbysport","category-rennsport"],"featured_image_urls":{"full":"","thumbnail":"","medium":"","medium_large":"","large":"","xl":"","xxl":"","xxxl":"","xxxxl":"","xxxxxl":"","1536x1536":"","2048x2048":"","neve-blog":""},"post_excerpt_stackable":"<p>Bei ausgezeichneten \u00e4u\u00dferen Bedingungen fand heute Sa 20.09.2014 bereits zum 19. Mal der Gro\u00dfe Bergpreis von Inzing auf das Stiglreith statt! Wieder einmal hervorragend von unserem Verein organisiert, h\u00e4tte sich dieser Klassiker wohl wesentlich mehr Starter erwartet und auch verdient! Nicht einmal 50 (!) Starter insgesamt &#8211; das ist absoluter &#8222;Negativ&#8220;-Rekord! Der sp\u00e4te Termin wird wohl auch eine Rolle gespielt haben. Hervorragend aber die Leistungen der Teinehmer: Sensationell der junge Benjamin Brkic (Jun-\u00d6amtc Scott LAtella Raika), der sogar die Elitefahrer hinter sich lie\u00df und in 38,24 min den Tagessieg holte. Aus Inzinger Sicht erfreulich, dass in fast allen Kategorien Fahrer&hellip;<\/p>\n","category_list":"<a href=\"https:\/\/rad.asvi.at\/?cat=9\" rel=\"category\">Allgemein<\/a>, <a href=\"https:\/\/rad.asvi.at\/?cat=10\" rel=\"category\">Hobbysport<\/a>, <a href=\"https:\/\/rad.asvi.at\/?cat=11\" rel=\"category\">Rennsport<\/a>","author_info":{"name":"Roman","url":"https:\/\/rad.asvi.at\/?author=2"},"comments_num":"0 comments","_links":{"self":[{"href":"https:\/\/rad.asvi.at\/index.php?rest_route=\/wp\/v2\/posts\/4873","targetHints":{"allow":["GET"]}}],"collection":[{"href":"https:\/\/rad.asvi.at\/index.php?rest_route=\/wp\/v2\/posts"}],"about":[{"href":"https:\/\/rad.asvi.at\/index.php?rest_route=\/wp\/v2\/types\/post"}],"author":[{"embeddable":true,"href":"https:\/\/rad.asvi.at\/index.php?rest_route=\/wp\/v2\/users\/2"}],"replies":[{"embeddable":true,"href":"https:\/\/rad.asvi.at\/index.php?rest_route=%2Fwp%2Fv2%2Fcomments&post=4873"}],"version-history":[{"count":0,"href":"https:\/\/rad.asvi.at\/index.php?rest_route=\/wp\/v2\/posts\/4873\/revisions"}],"wp:featuredmedia":[{"embeddable":true,"href":"https:\/\/rad.asvi.at\/index.php?rest_route=\/"}],"wp:attachment":[{"href":"https:\/\/rad.asvi.at\/index.php?rest_route=%2Fwp%2Fv2%2Fmedia&parent=4873"}],"wp:term":[{"taxonomy":"category","embeddable":true,"href":"https:\/\/rad.asvi.at\/index.php?rest_route=%2Fwp%2Fv2%2Fcategories&post=4873"},{"taxonomy":"post_tag","embeddable":true,"href":"https:\/\/rad.asvi.at\/index.php?rest_route=%2Fwp%2Fv2%2Ftags&post=4873"}],"curies":[{"name":"wp","href":"https:\/\/api.w.org\/{rel}","templated":true}]}}