{"id":4961,"date":"2014-09-29T06:52:24","date_gmt":"2014-09-29T04:52:24","guid":{"rendered":"http:\/\/www.radclub-inzing.at\/?p=4961"},"modified":"2014-09-29T06:52:24","modified_gmt":"2014-09-29T04:52:24","slug":"mtb-cup-tirol-finale-kolsassberg-27-09-2014","status":"publish","type":"post","link":"https:\/\/rad.asvi.at\/?p=4961","title":{"rendered":"MTB-Cup Tirol Finale Kolsassberg 27.09.2014"},"content":{"rendered":"<div>Heute ging das letzte Cross-Country-Rennen des MTB-Cup Tirol in Kolsass bei traumhaftem Wetter \u00fcber die B\u00fchne.<\/div>\n<div>Ramona Griesser k\u00e4mpfte sich auf einem kr\u00e4fteraubenden Feld- und Wiesen-Kurs auf Platz Sechs. In der Cup Gesamtwertung erreichte sie den f\u00fcnften Rang.<\/div>\n<div>Lukas Griesser ging, nach einem grippalen Infekt geschw\u00e4cht, ins Rennen. Er beendete das Rennen<\/div>\n<div>als 14ter. In der Cup Gesamtwertung erreichte er den neunten Rang.<\/div>\n<div>Wir Eltern und Kinder freuen uns jetzt auf die Rennpause, aber auch schon auf die neue Saison 2015!<\/div>\n","protected":false},"excerpt":{"rendered":"<p>Heute ging das letzte Cross-Country-Rennen des MTB-Cup Tirol in Kolsass bei traumhaftem Wetter \u00fcber die B\u00fchne. Ramona Griesser k\u00e4mpfte sich auf einem kr\u00e4fteraubenden Feld- und Wiesen-Kurs auf Platz Sechs. In der Cup Gesamtwertung erreichte sie den f\u00fcnften Rang. Lukas Griesser ging, nach einem grippalen Infekt geschw\u00e4cht, ins Rennen. Er beendete das Rennen als 14ter. In&hellip;&nbsp;<a href=\"https:\/\/rad.asvi.at\/?p=4961\" class=\"\" rel=\"bookmark\">Weiterlesen &raquo;<span class=\"screen-reader-text\">MTB-Cup Tirol Finale Kolsassberg 27.09.2014<\/span><\/a><\/p>\n","protected":false},"author":2,"featured_media":0,"comment_status":"open","ping_status":"closed","sticky":false,"template":"","format":"standard","meta":{"neve_meta_sidebar":"","neve_meta_container":"","neve_meta_enable_content_width":"","neve_meta_content_width":0,"neve_meta_title_alignment":"","neve_meta_author_avatar":"","neve_post_elements_order":"","neve_meta_disable_header":"","neve_meta_disable_footer":"","neve_meta_disable_title":"","footnotes":""},"categories":[9],"tags":[],"class_list":["post-4961","post","type-post","status-publish","format-standard","hentry","category-allgemein"],"featured_image_urls":{"full":"","thumbnail":"","medium":"","medium_large":"","large":"","xl":"","xxl":"","xxxl":"","xxxxl":"","xxxxxl":"","1536x1536":"","2048x2048":"","neve-blog":""},"post_excerpt_stackable":"<p>Heute ging das letzte Cross-Country-Rennen des MTB-Cup Tirol in Kolsass bei traumhaftem Wetter \u00fcber die B\u00fchne. Ramona Griesser k\u00e4mpfte sich auf einem kr\u00e4fteraubenden Feld- und Wiesen-Kurs auf Platz Sechs. In der Cup Gesamtwertung erreichte sie den f\u00fcnften Rang. Lukas Griesser ging, nach einem grippalen Infekt geschw\u00e4cht, ins Rennen. Er beendete das Rennen als 14ter. In der Cup Gesamtwertung erreichte er den neunten Rang. Wir Eltern und Kinder freuen uns jetzt auf die Rennpause, aber auch schon auf die neue Saison 2015!<\/p>\n","category_list":"<a href=\"https:\/\/rad.asvi.at\/?cat=9\" rel=\"category\">Allgemein<\/a>","author_info":{"name":"Roman","url":"https:\/\/rad.asvi.at\/?author=2"},"comments_num":"0 comments","_links":{"self":[{"href":"https:\/\/rad.asvi.at\/index.php?rest_route=\/wp\/v2\/posts\/4961","targetHints":{"allow":["GET"]}}],"collection":[{"href":"https:\/\/rad.asvi.at\/index.php?rest_route=\/wp\/v2\/posts"}],"about":[{"href":"https:\/\/rad.asvi.at\/index.php?rest_route=\/wp\/v2\/types\/post"}],"author":[{"embeddable":true,"href":"https:\/\/rad.asvi.at\/index.php?rest_route=\/wp\/v2\/users\/2"}],"replies":[{"embeddable":true,"href":"https:\/\/rad.asvi.at\/index.php?rest_route=%2Fwp%2Fv2%2Fcomments&post=4961"}],"version-history":[{"count":0,"href":"https:\/\/rad.asvi.at\/index.php?rest_route=\/wp\/v2\/posts\/4961\/revisions"}],"wp:attachment":[{"href":"https:\/\/rad.asvi.at\/index.php?rest_route=%2Fwp%2Fv2%2Fmedia&parent=4961"}],"wp:term":[{"taxonomy":"category","embeddable":true,"href":"https:\/\/rad.asvi.at\/index.php?rest_route=%2Fwp%2Fv2%2Fcategories&post=4961"},{"taxonomy":"post_tag","embeddable":true,"href":"https:\/\/rad.asvi.at\/index.php?rest_route=%2Fwp%2Fv2%2Ftags&post=4961"}],"curies":[{"name":"wp","href":"https:\/\/api.w.org\/{rel}","templated":true}]}}