{"id":5071,"date":"2014-11-16T00:55:37","date_gmt":"2014-11-15T23:55:37","guid":{"rendered":"http:\/\/www.radclub-inzing.at\/?p=5071"},"modified":"2014-11-16T00:55:37","modified_gmt":"2014-11-15T23:55:37","slug":"abschlussfeier-2014","status":"publish","type":"post","link":"https:\/\/rad.asvi.at\/?p=5071","title":{"rendered":"ABSCHLUSSFEIER 2014"},"content":{"rendered":"<p>Wie alle Jahre beendete der \u00d6AMTC RAIKA KLEIDERMAIR ASV INZING seine Radsaison mit einem<br \/>\nAbschlussabend im Hattinger Gasthaus Neurauter.\u00a0H\u00f6hepunkte waren wieder die Pr\u00e4sentationen\u00a0der<br \/>\nRenn- und Hobbytruppe\u00a0.\u00a0 An\u00a0Silvia Morianz\u00a0und\u00a0Martin H\u00f6fer\u00a0&#8211; DANKE\u00a0f\u00fcr die tollen R\u00fcckblicke 2014 !<br \/>\nDie Teilnehmeranzahl von 56 Personen spricht f\u00fcr\u00a0eine gut florierende Gemeinschaft der Sektion Rad.<\/p>\n<p>Programmh\u00f6hepunkt war die Verabschiedung unseres Rennfahrers\u00a0Fabian Morianz. F\u00fcr seine herausragenden<br \/>\nLeistungen wurde\u00a0Ihm vom Verein\u00a0das &#8222;Goldene Kranzl&#8220; \u00a0\u00fcberreicht.\u00a0Fabian f\u00e4hrt\u00a0n\u00e4chstes Jahr f\u00fcr das Radteam Tirol.<br \/>\nWir w\u00fcnschen Ihm f\u00fcr seine weitere sportliche Kariere, aber auch f\u00fcr seine\u00a0private\u00a0Zukunft viel Gl\u00fcck, Erfolg und Gesundheit!<\/p>\n<p>Besonders\u00a0freute es uns als Verein, dass auch\u00a0ehemalige Rennfahrer wie Alexander Wacher und Stefan Kirchmair<br \/>\nbeim Abschlussabend dabei waren.<\/p>\n<p>&nbsp;<\/p>\n","protected":false},"excerpt":{"rendered":"<p>Wie alle Jahre beendete der \u00d6AMTC RAIKA KLEIDERMAIR ASV INZING seine Radsaison mit einem Abschlussabend im Hattinger Gasthaus Neurauter.\u00a0H\u00f6hepunkte waren wieder die Pr\u00e4sentationen\u00a0der Renn- und Hobbytruppe\u00a0.\u00a0 An\u00a0Silvia Morianz\u00a0und\u00a0Martin H\u00f6fer\u00a0&#8211; DANKE\u00a0f\u00fcr die tollen R\u00fcckblicke 2014 ! Die Teilnehmeranzahl von 56 Personen spricht f\u00fcr\u00a0eine gut florierende Gemeinschaft der Sektion Rad. Programmh\u00f6hepunkt war die Verabschiedung unseres Rennfahrers\u00a0Fabian Morianz.&hellip;&nbsp;<a href=\"https:\/\/rad.asvi.at\/?p=5071\" class=\"\" rel=\"bookmark\">Weiterlesen &raquo;<span class=\"screen-reader-text\">ABSCHLUSSFEIER 2014<\/span><\/a><\/p>\n","protected":false},"author":2,"featured_media":5067,"comment_status":"open","ping_status":"closed","sticky":false,"template":"","format":"standard","meta":{"neve_meta_sidebar":"","neve_meta_container":"","neve_meta_enable_content_width":"","neve_meta_content_width":0,"neve_meta_title_alignment":"","neve_meta_author_avatar":"","neve_post_elements_order":"","neve_meta_disable_header":"","neve_meta_disable_footer":"","neve_meta_disable_title":"","footnotes":""},"categories":[9,10,11],"tags":[],"class_list":["post-5071","post","type-post","status-publish","format-standard","has-post-thumbnail","hentry","category-allgemein","category-hobbysport","category-rennsport"],"featured_image_urls":{"full":"","thumbnail":"","medium":"","medium_large":"","large":"","xl":"","xxl":"","xxxl":"","xxxxl":"","xxxxxl":"","1536x1536":"","2048x2048":"","neve-blog":""},"post_excerpt_stackable":"<p>Wie alle Jahre beendete der \u00d6AMTC RAIKA KLEIDERMAIR ASV INZING seine Radsaison mit einem Abschlussabend im Hattinger Gasthaus Neurauter.\u00a0H\u00f6hepunkte waren wieder die Pr\u00e4sentationen\u00a0der Renn- und Hobbytruppe\u00a0.\u00a0 An\u00a0Silvia Morianz\u00a0und\u00a0Martin H\u00f6fer\u00a0&#8211; DANKE\u00a0f\u00fcr die tollen R\u00fcckblicke 2014 ! Die Teilnehmeranzahl von 56 Personen spricht f\u00fcr\u00a0eine gut florierende Gemeinschaft der Sektion Rad. Programmh\u00f6hepunkt war die Verabschiedung unseres Rennfahrers\u00a0Fabian Morianz. F\u00fcr seine herausragenden Leistungen wurde\u00a0Ihm vom Verein\u00a0das &#8222;Goldene Kranzl&#8220; \u00a0\u00fcberreicht.\u00a0Fabian f\u00e4hrt\u00a0n\u00e4chstes Jahr f\u00fcr das Radteam Tirol. Wir w\u00fcnschen Ihm f\u00fcr seine weitere sportliche Kariere, aber auch f\u00fcr seine\u00a0private\u00a0Zukunft viel Gl\u00fcck, Erfolg und Gesundheit! Besonders\u00a0freute es uns als Verein, dass auch\u00a0ehemalige Rennfahrer wie Alexander Wacher und&hellip;<\/p>\n","category_list":"<a href=\"https:\/\/rad.asvi.at\/?cat=9\" rel=\"category\">Allgemein<\/a>, <a href=\"https:\/\/rad.asvi.at\/?cat=10\" rel=\"category\">Hobbysport<\/a>, <a href=\"https:\/\/rad.asvi.at\/?cat=11\" rel=\"category\">Rennsport<\/a>","author_info":{"name":"Roman","url":"https:\/\/rad.asvi.at\/?author=2"},"comments_num":"0 comments","_links":{"self":[{"href":"https:\/\/rad.asvi.at\/index.php?rest_route=\/wp\/v2\/posts\/5071","targetHints":{"allow":["GET"]}}],"collection":[{"href":"https:\/\/rad.asvi.at\/index.php?rest_route=\/wp\/v2\/posts"}],"about":[{"href":"https:\/\/rad.asvi.at\/index.php?rest_route=\/wp\/v2\/types\/post"}],"author":[{"embeddable":true,"href":"https:\/\/rad.asvi.at\/index.php?rest_route=\/wp\/v2\/users\/2"}],"replies":[{"embeddable":true,"href":"https:\/\/rad.asvi.at\/index.php?rest_route=%2Fwp%2Fv2%2Fcomments&post=5071"}],"version-history":[{"count":0,"href":"https:\/\/rad.asvi.at\/index.php?rest_route=\/wp\/v2\/posts\/5071\/revisions"}],"wp:featuredmedia":[{"embeddable":true,"href":"https:\/\/rad.asvi.at\/index.php?rest_route=\/"}],"wp:attachment":[{"href":"https:\/\/rad.asvi.at\/index.php?rest_route=%2Fwp%2Fv2%2Fmedia&parent=5071"}],"wp:term":[{"taxonomy":"category","embeddable":true,"href":"https:\/\/rad.asvi.at\/index.php?rest_route=%2Fwp%2Fv2%2Fcategories&post=5071"},{"taxonomy":"post_tag","embeddable":true,"href":"https:\/\/rad.asvi.at\/index.php?rest_route=%2Fwp%2Fv2%2Ftags&post=5071"}],"curies":[{"name":"wp","href":"https:\/\/api.w.org\/{rel}","templated":true}]}}