{"id":5090,"date":"2015-02-17T20:06:45","date_gmt":"2015-02-17T19:06:45","guid":{"rendered":"http:\/\/www.radclub-inzing.at\/?p=5090"},"modified":"2015-02-17T20:06:45","modified_gmt":"2015-02-17T19:06:45","slug":"inzings-nachwuchstalente-auf-der-radrennbahn-in-wien","status":"publish","type":"post","link":"https:\/\/rad.asvi.at\/?p=5090","title":{"rendered":"Inzings Nachwuchstalente auf der Radrennbahn in Wien"},"content":{"rendered":"<p>In den Semesterferien\u00a0 (9.-11. Februar) organisierte unser Verein ein Kurztrainingslager auf der Wiener Radrennbahn (Ferry-Dusika-Stadion). Den Nachwuchsfahrern <em><strong>Lukas Grie\u00dfer<\/strong> (U13), <strong>Elias Huemer<\/strong> (U15)<\/em> und <em><strong>Elias Farbmacher<\/strong> (U17)<\/em> blieb fast die Luft weg, als sie die 45 Grad steilen Kurven der Radrennbahn zum ersten Mal sahen. Da glaubte noch keiner, dass man -mit den schmalen Reifen der Bahnr\u00e4der- tats\u00e4chlich darauf fahren kann. Noch dazu kommt, dass die Bahnr\u00e4der keine Bremsen, eine starre Nabe und nur einen Gang \u00a0haben! Nach der Einschulung durch <em>Christian Langhammer<\/em> (\u00d6RV) und Nationaltrainer <em>Jimmy Wafler,<\/em> lie\u00df das mulmige Gef\u00fchl sehr bald nach. Es dauerte nicht lange und die jungen Kracks fuhren die Steilkurven auf der obersten (Kampf-)Linie, sodass man das Training sukzessive \u00a0versch\u00e4rfen konnte. Die beiden Trainer <em><strong>Levi<\/strong><\/em> und <em><strong>Roman<\/strong> <\/em>lie\u00dfen es sich ebenfalls nicht nehmen, es den Jungen gleichzutun und mehr (Levi) oder weniger (Roman)schnelle Runden auf der Bahn zu drehen. \u00a0Auch 3 Fahrer vom befreundeten Verein RC-Tirol trainierten eifrig mit uns mit.<\/p>\n<p>Zufrieden und nach dem Motto <em>\u201eeinmal im Leben zumindest, muss man auch als Tiroler Radrennfahrer auf der Radrennbahn gewesen sein\u201c,<\/em> trat man nach 3 Tagen wieder die Heimreise an. \u00a0Alle hatten viel dazugelernt!<\/p>\n","protected":false},"excerpt":{"rendered":"<p>In den Semesterferien\u00a0 (9.-11. Februar) organisierte unser Verein ein Kurztrainingslager auf der Wiener Radrennbahn (Ferry-Dusika-Stadion). Den Nachwuchsfahrern Lukas Grie\u00dfer (U13), Elias Huemer (U15) und Elias Farbmacher (U17) blieb fast die Luft weg, als sie die 45 Grad steilen Kurven der Radrennbahn zum ersten Mal sahen. Da glaubte noch keiner, dass man -mit den schmalen Reifen&hellip;&nbsp;<a href=\"https:\/\/rad.asvi.at\/?p=5090\" class=\"\" rel=\"bookmark\">Weiterlesen &raquo;<span class=\"screen-reader-text\">Inzings Nachwuchstalente auf der Radrennbahn in Wien<\/span><\/a><\/p>\n","protected":false},"author":2,"featured_media":5096,"comment_status":"open","ping_status":"closed","sticky":false,"template":"","format":"standard","meta":{"neve_meta_sidebar":"","neve_meta_container":"","neve_meta_enable_content_width":"","neve_meta_content_width":0,"neve_meta_title_alignment":"","neve_meta_author_avatar":"","neve_post_elements_order":"","neve_meta_disable_header":"","neve_meta_disable_footer":"","neve_meta_disable_title":"","footnotes":""},"categories":[9,11],"tags":[],"class_list":["post-5090","post","type-post","status-publish","format-standard","has-post-thumbnail","hentry","category-allgemein","category-rennsport"],"featured_image_urls":{"full":"","thumbnail":"","medium":"","medium_large":"","large":"","xl":"","xxl":"","xxxl":"","xxxxl":"","xxxxxl":"","1536x1536":"","2048x2048":"","neve-blog":""},"post_excerpt_stackable":"<p>In den Semesterferien\u00a0 (9.-11. Februar) organisierte unser Verein ein Kurztrainingslager auf der Wiener Radrennbahn (Ferry-Dusika-Stadion). Den Nachwuchsfahrern Lukas Grie\u00dfer (U13), Elias Huemer (U15) und Elias Farbmacher (U17) blieb fast die Luft weg, als sie die 45 Grad steilen Kurven der Radrennbahn zum ersten Mal sahen. Da glaubte noch keiner, dass man -mit den schmalen Reifen der Bahnr\u00e4der- tats\u00e4chlich darauf fahren kann. Noch dazu kommt, dass die Bahnr\u00e4der keine Bremsen, eine starre Nabe und nur einen Gang \u00a0haben! Nach der Einschulung durch Christian Langhammer (\u00d6RV) und Nationaltrainer Jimmy Wafler, lie\u00df das mulmige Gef\u00fchl sehr bald nach. Es dauerte nicht lange und&hellip;<\/p>\n","category_list":"<a href=\"https:\/\/rad.asvi.at\/?cat=9\" rel=\"category\">Allgemein<\/a>, <a href=\"https:\/\/rad.asvi.at\/?cat=11\" rel=\"category\">Rennsport<\/a>","author_info":{"name":"Roman","url":"https:\/\/rad.asvi.at\/?author=2"},"comments_num":"0 comments","_links":{"self":[{"href":"https:\/\/rad.asvi.at\/index.php?rest_route=\/wp\/v2\/posts\/5090","targetHints":{"allow":["GET"]}}],"collection":[{"href":"https:\/\/rad.asvi.at\/index.php?rest_route=\/wp\/v2\/posts"}],"about":[{"href":"https:\/\/rad.asvi.at\/index.php?rest_route=\/wp\/v2\/types\/post"}],"author":[{"embeddable":true,"href":"https:\/\/rad.asvi.at\/index.php?rest_route=\/wp\/v2\/users\/2"}],"replies":[{"embeddable":true,"href":"https:\/\/rad.asvi.at\/index.php?rest_route=%2Fwp%2Fv2%2Fcomments&post=5090"}],"version-history":[{"count":0,"href":"https:\/\/rad.asvi.at\/index.php?rest_route=\/wp\/v2\/posts\/5090\/revisions"}],"wp:featuredmedia":[{"embeddable":true,"href":"https:\/\/rad.asvi.at\/index.php?rest_route=\/"}],"wp:attachment":[{"href":"https:\/\/rad.asvi.at\/index.php?rest_route=%2Fwp%2Fv2%2Fmedia&parent=5090"}],"wp:term":[{"taxonomy":"category","embeddable":true,"href":"https:\/\/rad.asvi.at\/index.php?rest_route=%2Fwp%2Fv2%2Fcategories&post=5090"},{"taxonomy":"post_tag","embeddable":true,"href":"https:\/\/rad.asvi.at\/index.php?rest_route=%2Fwp%2Fv2%2Ftags&post=5090"}],"curies":[{"name":"wp","href":"https:\/\/api.w.org\/{rel}","templated":true}]}}