{"id":5131,"date":"2015-04-19T21:50:07","date_gmt":"2015-04-19T19:50:07","guid":{"rendered":"http:\/\/www.radclub-inzing.at\/?p=5131"},"modified":"2015-04-19T21:50:07","modified_gmt":"2015-04-19T19:50:07","slug":"eroffnungsrennen-tirol-so-19-04-15","status":"publish","type":"post","link":"https:\/\/rad.asvi.at\/?p=5131","title":{"rendered":"Er\u00f6ffnungsrennen Tirol \u2013 So 19.04.15"},"content":{"rendered":"<p>\u00a0<strong>Langkampfen\/Tirol<\/strong>: Bei strahlendem Sonnenschein \u2013aber zun\u00e4chst eisigen Temperaturen- fand in Langkampfen bei Kufstein das Ernst Feuchtner-Ged\u00e4chtnisrennen -traditionell das Er\u00f6ffnungsrennen des Tiroler Stra\u00dfenrennsports- statt.<\/p>\n<p>Inzings Youngstars er\u00f6ffneten nach einer intensiven Vorbereitungsperiode\u00a0 die diesj\u00e4hrige Wettkampfsaison. Bereits um 9 Uhr (bei gerade +5 Grad!) startete bei den U13 Lukas Grie\u00dfer. Gleich in der ersten von 3 Runden bildete sich eine 3-k\u00f6pfige Spitzengruppe, bei der Lukas mit von der Partie war! Die drei Fahrer harmonierten sehr gut, sodass sie bis zur 2. Runde bereits einen komfortablen Vorsprung von \u00fcber 30 sec. heraus fuhren. Im finalen Anstieg wurde dann voll attackiert \u2013 wobei die beiden Tiroler Fahrer im Zielsprint\u00a0 nicht mehr mit dem \u201elachenden Dritten\u201c\u00a0 (ein Wiener Fahrer war der 3. Fluchtgef\u00e4hrte \u2013 hielt sich bei der F\u00fchrungsarbeit aber ziemlich zur\u00fcck!) gerechnet haben und sich \u201e\u00fcberraschen\u201c lie\u00dfen. Lukas wurde 3. und fuhr ein hervorragendes erstes Saisonrennen! Die U13 fuhren \u00fcbrigens um fast 3 km\/h schneller als die U15, weshalb den Burschen bei den U15 die Preise (wegen Inaktivit\u00e4t!) aberkannt wurden!<\/p>\n<p>Die M\u00e4dchen mussten gemeinsam mit den U15 an den Start \u2013 8 Runden waren zu bew\u00e4ltigen. Pia Totschnig (Zirl) fuhr bis zur H\u00e4lfte des Rennens im vorderen Drittel mit \u2013 musste aber dann ihrem hohen Trainingspensum in dieser Woche (Triathlon) Tribut zollen. Sie erreichte aber trotz \u201eschwerer Beine\u201c dennoch den hervorragenden 5. Platz!<\/p>\n<p>Bei den U 17 h\u00e4tte sich Elias Farbmacher nach einer konsequenten Vorbereitung und guter Form einiges vorgenommen. Leider kommt es oft anders als man denkt: Die ersten paar Runden ist er sehr gut mitgefahren, wenn man bedenkt, dass in dieser Phase des Rennens von den besten Fahrern ordentlich Druck gemacht wurde um das Feld zu dezimieren \u2013 was dann ja auch gelang. Leider war Elias etwas sp\u00e4ter in einen Sturz verwickelt und aufgrund eines besch\u00e4digten Rades zur Aufgabe gezwungen! Kopf Hoch Elias \u2013 es kommen noch viele andere Rennen, wo du zeigen kannst, was du drauf hast! Das Wichtigste ist, dass du dich nicht gr\u00f6ber verletzt hast!<\/p>\n","protected":false},"excerpt":{"rendered":"<p>\u00a0Langkampfen\/Tirol: Bei strahlendem Sonnenschein \u2013aber zun\u00e4chst eisigen Temperaturen- fand in Langkampfen bei Kufstein das Ernst Feuchtner-Ged\u00e4chtnisrennen -traditionell das Er\u00f6ffnungsrennen des Tiroler Stra\u00dfenrennsports- statt. Inzings Youngstars er\u00f6ffneten nach einer intensiven Vorbereitungsperiode\u00a0 die diesj\u00e4hrige Wettkampfsaison. Bereits um 9 Uhr (bei gerade +5 Grad!) startete bei den U13 Lukas Grie\u00dfer. Gleich in der ersten von 3 Runden bildete&hellip;&nbsp;<a href=\"https:\/\/rad.asvi.at\/?p=5131\" class=\"\" rel=\"bookmark\">Weiterlesen &raquo;<span class=\"screen-reader-text\">Er\u00f6ffnungsrennen Tirol \u2013 So 19.04.15<\/span><\/a><\/p>\n","protected":false},"author":2,"featured_media":5136,"comment_status":"open","ping_status":"closed","sticky":false,"template":"","format":"standard","meta":{"neve_meta_sidebar":"","neve_meta_container":"","neve_meta_enable_content_width":"","neve_meta_content_width":0,"neve_meta_title_alignment":"","neve_meta_author_avatar":"","neve_post_elements_order":"","neve_meta_disable_header":"","neve_meta_disable_footer":"","neve_meta_disable_title":"","footnotes":""},"categories":[9,11],"tags":[],"class_list":["post-5131","post","type-post","status-publish","format-standard","has-post-thumbnail","hentry","category-allgemein","category-rennsport"],"featured_image_urls":{"full":"","thumbnail":"","medium":"","medium_large":"","large":"","xl":"","xxl":"","xxxl":"","xxxxl":"","xxxxxl":"","1536x1536":"","2048x2048":"","neve-blog":""},"post_excerpt_stackable":"<p>\u00a0Langkampfen\/Tirol: Bei strahlendem Sonnenschein \u2013aber zun\u00e4chst eisigen Temperaturen- fand in Langkampfen bei Kufstein das Ernst Feuchtner-Ged\u00e4chtnisrennen -traditionell das Er\u00f6ffnungsrennen des Tiroler Stra\u00dfenrennsports- statt. Inzings Youngstars er\u00f6ffneten nach einer intensiven Vorbereitungsperiode\u00a0 die diesj\u00e4hrige Wettkampfsaison. Bereits um 9 Uhr (bei gerade +5 Grad!) startete bei den U13 Lukas Grie\u00dfer. Gleich in der ersten von 3 Runden bildete sich eine 3-k\u00f6pfige Spitzengruppe, bei der Lukas mit von der Partie war! Die drei Fahrer harmonierten sehr gut, sodass sie bis zur 2. Runde bereits einen komfortablen Vorsprung von \u00fcber 30 sec. heraus fuhren. Im finalen Anstieg wurde dann voll attackiert \u2013 wobei die beiden&hellip;<\/p>\n","category_list":"<a href=\"https:\/\/rad.asvi.at\/?cat=9\" rel=\"category\">Allgemein<\/a>, <a href=\"https:\/\/rad.asvi.at\/?cat=11\" rel=\"category\">Rennsport<\/a>","author_info":{"name":"Roman","url":"https:\/\/rad.asvi.at\/?author=2"},"comments_num":"0 comments","_links":{"self":[{"href":"https:\/\/rad.asvi.at\/index.php?rest_route=\/wp\/v2\/posts\/5131","targetHints":{"allow":["GET"]}}],"collection":[{"href":"https:\/\/rad.asvi.at\/index.php?rest_route=\/wp\/v2\/posts"}],"about":[{"href":"https:\/\/rad.asvi.at\/index.php?rest_route=\/wp\/v2\/types\/post"}],"author":[{"embeddable":true,"href":"https:\/\/rad.asvi.at\/index.php?rest_route=\/wp\/v2\/users\/2"}],"replies":[{"embeddable":true,"href":"https:\/\/rad.asvi.at\/index.php?rest_route=%2Fwp%2Fv2%2Fcomments&post=5131"}],"version-history":[{"count":0,"href":"https:\/\/rad.asvi.at\/index.php?rest_route=\/wp\/v2\/posts\/5131\/revisions"}],"wp:featuredmedia":[{"embeddable":true,"href":"https:\/\/rad.asvi.at\/index.php?rest_route=\/"}],"wp:attachment":[{"href":"https:\/\/rad.asvi.at\/index.php?rest_route=%2Fwp%2Fv2%2Fmedia&parent=5131"}],"wp:term":[{"taxonomy":"category","embeddable":true,"href":"https:\/\/rad.asvi.at\/index.php?rest_route=%2Fwp%2Fv2%2Fcategories&post=5131"},{"taxonomy":"post_tag","embeddable":true,"href":"https:\/\/rad.asvi.at\/index.php?rest_route=%2Fwp%2Fv2%2Ftags&post=5131"}],"curies":[{"name":"wp","href":"https:\/\/api.w.org\/{rel}","templated":true}]}}