{"id":5149,"date":"2015-04-25T21:26:55","date_gmt":"2015-04-25T19:26:55","guid":{"rendered":"http:\/\/www.radclub-inzing.at\/?p=5149"},"modified":"2015-04-25T21:26:55","modified_gmt":"2015-04-25T19:26:55","slug":"xc-haiming25-04-2015","status":"publish","type":"post","link":"https:\/\/rad.asvi.at\/?p=5149","title":{"rendered":"XC-Haiming\/25.04.2015"},"content":{"rendered":"<p>&nbsp;<\/p>\n<p>\u00a0Heute stand das Er\u00f6ffnungsrennen in Haiming beim \u00d6tztlaler Bikefestival am Programm, mit internationaler Beteiligung (eines der gr\u00f6\u00dften Bikerennen in \u00d6sterreich). Bei den U9 weiblich standen 13 Fahrerinnen am Start. <strong>Ramona Grie\u00dfer<\/strong> (\u00d6AMTC RAIKA KLEIDERMAIR ASV INZING) hatte 3 schwere Runden zu meistern und k\u00e4mpfte sich auf den <strong>10.<\/strong> Platz. Ihr Bruder <strong>Lukas Grie\u00dfer<\/strong> (ebenf. \u00d6AMTC RAIKA KLEIDERMAIR ASV INZING) startete wieder einmal\u00a0aus der letzten von 5 Startreihen (34 ! Teilnehmer). Er konnte sich schon nach 200 m ins Mittelfeld einreihen. Nach dem ersten Zieldurchlauf lag er bereits an der 7. Stelle! Die 2. Runde beendete er schon an <strong>5.<\/strong> Position, die er erfolgreich bis ins Ziel verteidigen konnte. Lukas fuhr heute\u00a0sichere sein bisher bestes Bikerennen!<\/p>\n<p>&nbsp;<\/p>\n","protected":false},"excerpt":{"rendered":"<p>&nbsp; \u00a0Heute stand das Er\u00f6ffnungsrennen in Haiming beim \u00d6tztlaler Bikefestival am Programm, mit internationaler Beteiligung (eines der gr\u00f6\u00dften Bikerennen in \u00d6sterreich). Bei den U9 weiblich standen 13 Fahrerinnen am Start. Ramona Grie\u00dfer (\u00d6AMTC RAIKA KLEIDERMAIR ASV INZING) hatte 3 schwere Runden zu meistern und k\u00e4mpfte sich auf den 10. Platz. Ihr Bruder Lukas Grie\u00dfer (ebenf.&hellip;&nbsp;<a href=\"https:\/\/rad.asvi.at\/?p=5149\" class=\"\" rel=\"bookmark\">Weiterlesen &raquo;<span class=\"screen-reader-text\">XC-Haiming\/25.04.2015<\/span><\/a><\/p>\n","protected":false},"author":2,"featured_media":5150,"comment_status":"open","ping_status":"closed","sticky":false,"template":"","format":"standard","meta":{"neve_meta_sidebar":"","neve_meta_container":"","neve_meta_enable_content_width":"","neve_meta_content_width":0,"neve_meta_title_alignment":"","neve_meta_author_avatar":"","neve_post_elements_order":"","neve_meta_disable_header":"","neve_meta_disable_footer":"","neve_meta_disable_title":"","footnotes":""},"categories":[9,11],"tags":[],"class_list":["post-5149","post","type-post","status-publish","format-standard","has-post-thumbnail","hentry","category-allgemein","category-rennsport"],"featured_image_urls":{"full":"","thumbnail":"","medium":"","medium_large":"","large":"","xl":"","xxl":"","xxxl":"","xxxxl":"","xxxxxl":"","1536x1536":"","2048x2048":"","neve-blog":""},"post_excerpt_stackable":"<p>&nbsp; \u00a0Heute stand das Er\u00f6ffnungsrennen in Haiming beim \u00d6tztlaler Bikefestival am Programm, mit internationaler Beteiligung (eines der gr\u00f6\u00dften Bikerennen in \u00d6sterreich). Bei den U9 weiblich standen 13 Fahrerinnen am Start. Ramona Grie\u00dfer (\u00d6AMTC RAIKA KLEIDERMAIR ASV INZING) hatte 3 schwere Runden zu meistern und k\u00e4mpfte sich auf den 10. Platz. Ihr Bruder Lukas Grie\u00dfer (ebenf. \u00d6AMTC RAIKA KLEIDERMAIR ASV INZING) startete wieder einmal\u00a0aus der letzten von 5 Startreihen (34 ! Teilnehmer). Er konnte sich schon nach 200 m ins Mittelfeld einreihen. Nach dem ersten Zieldurchlauf lag er bereits an der 7. Stelle! Die 2. Runde beendete er schon an 5.&hellip;<\/p>\n","category_list":"<a href=\"https:\/\/rad.asvi.at\/?cat=9\" rel=\"category\">Allgemein<\/a>, <a href=\"https:\/\/rad.asvi.at\/?cat=11\" rel=\"category\">Rennsport<\/a>","author_info":{"name":"Roman","url":"https:\/\/rad.asvi.at\/?author=2"},"comments_num":"0 comments","_links":{"self":[{"href":"https:\/\/rad.asvi.at\/index.php?rest_route=\/wp\/v2\/posts\/5149","targetHints":{"allow":["GET"]}}],"collection":[{"href":"https:\/\/rad.asvi.at\/index.php?rest_route=\/wp\/v2\/posts"}],"about":[{"href":"https:\/\/rad.asvi.at\/index.php?rest_route=\/wp\/v2\/types\/post"}],"author":[{"embeddable":true,"href":"https:\/\/rad.asvi.at\/index.php?rest_route=\/wp\/v2\/users\/2"}],"replies":[{"embeddable":true,"href":"https:\/\/rad.asvi.at\/index.php?rest_route=%2Fwp%2Fv2%2Fcomments&post=5149"}],"version-history":[{"count":0,"href":"https:\/\/rad.asvi.at\/index.php?rest_route=\/wp\/v2\/posts\/5149\/revisions"}],"wp:featuredmedia":[{"embeddable":true,"href":"https:\/\/rad.asvi.at\/index.php?rest_route=\/"}],"wp:attachment":[{"href":"https:\/\/rad.asvi.at\/index.php?rest_route=%2Fwp%2Fv2%2Fmedia&parent=5149"}],"wp:term":[{"taxonomy":"category","embeddable":true,"href":"https:\/\/rad.asvi.at\/index.php?rest_route=%2Fwp%2Fv2%2Fcategories&post=5149"},{"taxonomy":"post_tag","embeddable":true,"href":"https:\/\/rad.asvi.at\/index.php?rest_route=%2Fwp%2Fv2%2Ftags&post=5149"}],"curies":[{"name":"wp","href":"https:\/\/api.w.org\/{rel}","templated":true}]}}