{"id":5202,"date":"2015-04-30T21:48:29","date_gmt":"2015-04-30T19:48:29","guid":{"rendered":"http:\/\/www.radclub-inzing.at\/?p=5202"},"modified":"2015-04-30T21:48:29","modified_gmt":"2015-04-30T19:48:29","slug":"wachter-bei-carpathian-couriers-race-in-lauerstellung","status":"publish","type":"post","link":"https:\/\/rad.asvi.at\/?p=5202","title":{"rendered":"Wachter bei U23-Karpatenrundfahrt in Lauerstellung"},"content":{"rendered":"<section><strong>Tirol-Profi Alexander Wachter hat auf der 2. Etappe der U23-Karpatenrundfahrt zwar das Gelbe Trikot verloren, er liegt in der Gesamtwertung aber mit wenigen Sekunden R\u00fcckstand auf dem zweiten Platz.<\/strong>&#8222;Wir haben heute das Gelbe Trikot zwar nicht halten k\u00f6nnen, das ist aber auch schon der einzige Wermutstropfen an diesem Tag&#8220;, sagte ein stolzer Alexander Wachter, der auf der zweiten Etappe von Zapora Niedzica nach Jablonka \u00fcber 129 Kilometer als 21. ins Ziel kam.<br \/>\n\u00a0<br \/>\nDie heutige Etappe wurde auf den letzten 20 Kilometern vor dem Ziel entschieden. &#8222;Der letzte Berg war wirklich steil und lang und rund einen Kilometer vor der Kuppe konnten sich drei Fahrer absetzen. Ich konnte leider nicht mitfahren\u201c, erkl\u00e4rte Alexander Wachter. Gemeinsam mit seinen Teamkollegen vom Tirol Cycling Team konnte Wachter in der Abfahrt zum Ziel die L\u00fccke aber fast noch schlie\u00dfen und hatte im Ziel nur 18 Sekunden R\u00fcckstand auf den belgischen Tagessieger Dries Van Gestel.<\/section>\n<p>In der Gesamtwertung hat Wacher nun acht Sekunden R\u00fcckstand auf den neuen Leader Alvaro Cuadros aus Spanien. &#8222;In der Gesamtwertung ist alles noch offen. Ganz vorne sind die R\u00fcckst\u00e4nde sehr gering und wir sind motiviert, bis zum letzten Tag zu k\u00e4mpfen&#8220;, gibt sich Alexander Wachter optimistisch.<\/p>\n<p><em>(Text: Pressemeldung Tirol Cycling-Team\/\u00d6RV)<\/em><\/p>\n<p>Ergebnis der 2. Etappe: <a href=\"http:\/\/www.procyclingstats.com\/race.php?id=150272\" target=\"_blank\" rel=\"noopener\">http:\/\/www.procyclingstats.com\/race.php?id=150272<\/a><\/p>\n<p><!-- \/\/Article --><\/p>\n","protected":false},"excerpt":{"rendered":"<p>Tirol-Profi Alexander Wachter hat auf der 2. Etappe der U23-Karpatenrundfahrt zwar das Gelbe Trikot verloren, er liegt in der Gesamtwertung aber mit wenigen Sekunden R\u00fcckstand auf dem zweiten Platz.&#8222;Wir haben heute das Gelbe Trikot zwar nicht halten k\u00f6nnen, das ist aber auch schon der einzige Wermutstropfen an diesem Tag&#8220;, sagte ein stolzer Alexander Wachter, der&hellip;&nbsp;<a href=\"https:\/\/rad.asvi.at\/?p=5202\" class=\"\" rel=\"bookmark\">Weiterlesen &raquo;<span class=\"screen-reader-text\">Wachter bei U23-Karpatenrundfahrt in Lauerstellung<\/span><\/a><\/p>\n","protected":false},"author":2,"featured_media":5196,"comment_status":"open","ping_status":"closed","sticky":false,"template":"","format":"standard","meta":{"neve_meta_sidebar":"","neve_meta_container":"","neve_meta_enable_content_width":"","neve_meta_content_width":0,"neve_meta_title_alignment":"","neve_meta_author_avatar":"","neve_post_elements_order":"","neve_meta_disable_header":"","neve_meta_disable_footer":"","neve_meta_disable_title":"","footnotes":""},"categories":[9,11],"tags":[],"class_list":["post-5202","post","type-post","status-publish","format-standard","has-post-thumbnail","hentry","category-allgemein","category-rennsport"],"featured_image_urls":{"full":"","thumbnail":"","medium":"","medium_large":"","large":"","xl":"","xxl":"","xxxl":"","xxxxl":"","xxxxxl":"","1536x1536":"","2048x2048":"","neve-blog":""},"post_excerpt_stackable":"<p>Tirol-Profi Alexander Wachter hat auf der 2. Etappe der U23-Karpatenrundfahrt zwar das Gelbe Trikot verloren, er liegt in der Gesamtwertung aber mit wenigen Sekunden R\u00fcckstand auf dem zweiten Platz.&#8222;Wir haben heute das Gelbe Trikot zwar nicht halten k\u00f6nnen, das ist aber auch schon der einzige Wermutstropfen an diesem Tag&#8220;, sagte ein stolzer Alexander Wachter, der auf der zweiten Etappe von Zapora Niedzica nach Jablonka \u00fcber 129 Kilometer als 21. ins Ziel kam. \u00a0 Die heutige Etappe wurde auf den letzten 20 Kilometern vor dem Ziel entschieden. &#8222;Der letzte Berg war wirklich steil und lang und rund einen Kilometer vor der&hellip;<\/p>\n","category_list":"<a href=\"https:\/\/rad.asvi.at\/?cat=9\" rel=\"category\">Allgemein<\/a>, <a href=\"https:\/\/rad.asvi.at\/?cat=11\" rel=\"category\">Rennsport<\/a>","author_info":{"name":"Roman","url":"https:\/\/rad.asvi.at\/?author=2"},"comments_num":"0 comments","_links":{"self":[{"href":"https:\/\/rad.asvi.at\/index.php?rest_route=\/wp\/v2\/posts\/5202","targetHints":{"allow":["GET"]}}],"collection":[{"href":"https:\/\/rad.asvi.at\/index.php?rest_route=\/wp\/v2\/posts"}],"about":[{"href":"https:\/\/rad.asvi.at\/index.php?rest_route=\/wp\/v2\/types\/post"}],"author":[{"embeddable":true,"href":"https:\/\/rad.asvi.at\/index.php?rest_route=\/wp\/v2\/users\/2"}],"replies":[{"embeddable":true,"href":"https:\/\/rad.asvi.at\/index.php?rest_route=%2Fwp%2Fv2%2Fcomments&post=5202"}],"version-history":[{"count":0,"href":"https:\/\/rad.asvi.at\/index.php?rest_route=\/wp\/v2\/posts\/5202\/revisions"}],"wp:featuredmedia":[{"embeddable":true,"href":"https:\/\/rad.asvi.at\/index.php?rest_route=\/"}],"wp:attachment":[{"href":"https:\/\/rad.asvi.at\/index.php?rest_route=%2Fwp%2Fv2%2Fmedia&parent=5202"}],"wp:term":[{"taxonomy":"category","embeddable":true,"href":"https:\/\/rad.asvi.at\/index.php?rest_route=%2Fwp%2Fv2%2Fcategories&post=5202"},{"taxonomy":"post_tag","embeddable":true,"href":"https:\/\/rad.asvi.at\/index.php?rest_route=%2Fwp%2Fv2%2Ftags&post=5202"}],"curies":[{"name":"wp","href":"https:\/\/api.w.org\/{rel}","templated":true}]}}