{"id":5220,"date":"2015-05-03T23:30:19","date_gmt":"2015-05-03T21:30:19","guid":{"rendered":"http:\/\/www.radclub-inzing.at\/?p=5220"},"modified":"2015-05-03T23:30:19","modified_gmt":"2015-05-03T21:30:19","slug":"elias-farbmacher-in-der-obersteiermark-im-einsatz","status":"publish","type":"post","link":"https:\/\/rad.asvi.at\/?p=5220","title":{"rendered":"Elias Farbmacher in der Obersteiermark im Einsatz"},"content":{"rendered":"<p>Gleich 2 Kriterien\u00a0standen an diesem Wochenende am Rennprogramm f\u00fcr Elias Farbmacher (U17) und den Rest des \u00d6sterreichischen Radnachwuchses. Am Sa 02. Mai in Liezen (Ennstal\/Obersteiermark) und am So 03. Mai im nur 10 km entfernten Rottenmann. Beide Rennen z\u00e4hlen zur \u00d6sterreichischen Nachwuchscupwertung &#8211; waren also dementsprechend gut besetzt. So gingen am Sa \u00fcber 50 Fahrer an den Start &#8211; auch einige aus dem benachbarten Ausland (v.a. Slowenien und Tschechien).<\/p>\n<p>F\u00fcr Elias war Liezen \u00fcberhaupt erst das 2. Kriterium in seiner Laufbahn &#8211; also war das Ziel in erster Linie einmal ohne Sturz durchzukommen. Dass er sich -trotz Defekts (offene Sattelrohrklemme\/beim Materialdepot behoben)- als 19. im vorderen Drittel platzieren konnte, war eigentlich schon ein voller Erfolg!<\/p>\n<p>Der Kurs am n\u00e4chsten Tag in Rottenmann war um einiges schwieriger (leichte Steigung Richtung Ziel!), noch dazu hatten die Fahrer ihn\u00a0auf regennasser Fahrbahn zu bew\u00e4ltigen. Wieder hatte Elias Gl\u00fcck im Ungl\u00fcck &#8211; denn er kam nach doppeltem Speichenriss abermals ins Materialdepot, um sich das Vorderrad austauschen zu lassen <em>(Bei Kriterien ist es \u00fcblich, dass man zur Behebung eines Schadens beim Materialdepot bis zu 2 Runden aussetzen darf,\u00a0um dann wieder in der Gruppe in der man zuvor gefahren ist\u00a0einzusteigen und das Rennen fortzusetzen).<\/em> Elias kam auch in Rottenmann ungef\u00e4hr als 20.igster\u00a0bei den U17 ins Ziel (Ergebnislisten gab es zum Zeitpunkt der Abreise noch keine!). Dass er letztlich aber sogar mit mehr &#8222;Preisgeld&#8220; in der Tasche nachhause fahren konnte als der Sieger, das ist eine ganz andere Geschichte:<\/p>\n<p>&#8230;.und die hat mit der sozial-sportlichen Ader des Elias Farbmacher zu tun, denn gleich nach dem Zieleinlauf wurde er von Marcel Neuhauser (Jun\/W\u00f6rgl) ganz aufgeregt gefragt, ob er ihm nicht sein Rennrad leihen k\u00f6nne, da bei ihm die Kurbel gebrochen sei. Elias z\u00f6gerte keine Sekunde und gab ihm sein fast &#8222;nagelneues&#8220; Rad. Es war auch Eile geboten, fand doch bereits die Startaufstellung der Junioren statt. Schnell wurde der Sattel auf die richtige H\u00f6he eingestellt und Marcel stand gerade noch rechtzeitig\u00a0vor dem Startschuss -zwar\u00a0in der letzten\u00a0Startreihe- aber immerhin \u00fcberhaupt, am Start.\u00a0 Dass Marcel Neuhauser das Rennen der Junioren auf einem U17-Rennrad ( 16er Abschluss d.h. 2 Z\u00e4hne weniger!) dann sogar gewinnen konnte, damit hatte wohl niemand gerechnet! Als kleines Dankesch\u00f6n gab Marcel dem &#8222;lieben&#8220; Elias 20.- Euro von seinem Preisgeld und als der Obmann der W\u00f6rgler diese ganze Story\u00a0h\u00f6rte, legte\u00a0er sogar noch einen 50er drauf!!!<\/p>\n<p>Herzliche Gratulation Elias zu deinem\u00a0&#8222;ersten&#8220; fetten Preisgeld &#8211; v.a. aber zu deiner sportlich fairen und f\u00fcr dich selbstverst\u00e4ndlichen Geste!!!<\/p>\n<p>&nbsp;<\/p>\n","protected":false},"excerpt":{"rendered":"<p>Gleich 2 Kriterien\u00a0standen an diesem Wochenende am Rennprogramm f\u00fcr Elias Farbmacher (U17) und den Rest des \u00d6sterreichischen Radnachwuchses. Am Sa 02. Mai in Liezen (Ennstal\/Obersteiermark) und am So 03. Mai im nur 10 km entfernten Rottenmann. Beide Rennen z\u00e4hlen zur \u00d6sterreichischen Nachwuchscupwertung &#8211; waren also dementsprechend gut besetzt. So gingen am Sa \u00fcber 50 Fahrer&hellip;&nbsp;<a href=\"https:\/\/rad.asvi.at\/?p=5220\" class=\"\" rel=\"bookmark\">Weiterlesen &raquo;<span class=\"screen-reader-text\">Elias Farbmacher in der Obersteiermark im Einsatz<\/span><\/a><\/p>\n","protected":false},"author":2,"featured_media":5228,"comment_status":"open","ping_status":"closed","sticky":false,"template":"","format":"standard","meta":{"neve_meta_sidebar":"","neve_meta_container":"","neve_meta_enable_content_width":"","neve_meta_content_width":0,"neve_meta_title_alignment":"","neve_meta_author_avatar":"","neve_post_elements_order":"","neve_meta_disable_header":"","neve_meta_disable_footer":"","neve_meta_disable_title":"","footnotes":""},"categories":[9,11],"tags":[],"class_list":["post-5220","post","type-post","status-publish","format-standard","has-post-thumbnail","hentry","category-allgemein","category-rennsport"],"featured_image_urls":{"full":"","thumbnail":"","medium":"","medium_large":"","large":"","xl":"","xxl":"","xxxl":"","xxxxl":"","xxxxxl":"","1536x1536":"","2048x2048":"","neve-blog":""},"post_excerpt_stackable":"<p>Gleich 2 Kriterien\u00a0standen an diesem Wochenende am Rennprogramm f\u00fcr Elias Farbmacher (U17) und den Rest des \u00d6sterreichischen Radnachwuchses. Am Sa 02. Mai in Liezen (Ennstal\/Obersteiermark) und am So 03. Mai im nur 10 km entfernten Rottenmann. Beide Rennen z\u00e4hlen zur \u00d6sterreichischen Nachwuchscupwertung &#8211; waren also dementsprechend gut besetzt. So gingen am Sa \u00fcber 50 Fahrer an den Start &#8211; auch einige aus dem benachbarten Ausland (v.a. Slowenien und Tschechien). F\u00fcr Elias war Liezen \u00fcberhaupt erst das 2. Kriterium in seiner Laufbahn &#8211; also war das Ziel in erster Linie einmal ohne Sturz durchzukommen. Dass er sich -trotz Defekts (offene Sattelrohrklemme\/beim&hellip;<\/p>\n","category_list":"<a href=\"https:\/\/rad.asvi.at\/?cat=9\" rel=\"category\">Allgemein<\/a>, <a href=\"https:\/\/rad.asvi.at\/?cat=11\" rel=\"category\">Rennsport<\/a>","author_info":{"name":"Roman","url":"https:\/\/rad.asvi.at\/?author=2"},"comments_num":"0 comments","_links":{"self":[{"href":"https:\/\/rad.asvi.at\/index.php?rest_route=\/wp\/v2\/posts\/5220","targetHints":{"allow":["GET"]}}],"collection":[{"href":"https:\/\/rad.asvi.at\/index.php?rest_route=\/wp\/v2\/posts"}],"about":[{"href":"https:\/\/rad.asvi.at\/index.php?rest_route=\/wp\/v2\/types\/post"}],"author":[{"embeddable":true,"href":"https:\/\/rad.asvi.at\/index.php?rest_route=\/wp\/v2\/users\/2"}],"replies":[{"embeddable":true,"href":"https:\/\/rad.asvi.at\/index.php?rest_route=%2Fwp%2Fv2%2Fcomments&post=5220"}],"version-history":[{"count":0,"href":"https:\/\/rad.asvi.at\/index.php?rest_route=\/wp\/v2\/posts\/5220\/revisions"}],"wp:featuredmedia":[{"embeddable":true,"href":"https:\/\/rad.asvi.at\/index.php?rest_route=\/"}],"wp:attachment":[{"href":"https:\/\/rad.asvi.at\/index.php?rest_route=%2Fwp%2Fv2%2Fmedia&parent=5220"}],"wp:term":[{"taxonomy":"category","embeddable":true,"href":"https:\/\/rad.asvi.at\/index.php?rest_route=%2Fwp%2Fv2%2Fcategories&post=5220"},{"taxonomy":"post_tag","embeddable":true,"href":"https:\/\/rad.asvi.at\/index.php?rest_route=%2Fwp%2Fv2%2Ftags&post=5220"}],"curies":[{"name":"wp","href":"https:\/\/api.w.org\/{rel}","templated":true}]}}