{"id":5241,"date":"2015-05-10T19:09:17","date_gmt":"2015-05-10T17:09:17","guid":{"rendered":"http:\/\/www.radclub-inzing.at\/?p=5241"},"modified":"2015-05-10T19:09:17","modified_gmt":"2015-05-10T17:09:17","slug":"starke-inzinger-youngstars-bei-der-tm-berg","status":"publish","type":"post","link":"https:\/\/rad.asvi.at\/?p=5241","title":{"rendered":"Starke Inzinger Youngstars bei der TM-Berg"},"content":{"rendered":"<p><span style=\"text-decoration: underline;\">Gerlosbergrennen \u2013 TM 2015<\/span><\/p>\n<p><strong><em>Pia Totschnig<\/em><\/strong> (M\u00e4dchen U17) und <strong><em>Elias Farbmacher<\/em><\/strong> (U17) -beide in den Diensten des <strong>\u00d6AMTC RAIKA KLEIDERMAIR ASV INZING <\/strong>unterwegs- gl\u00e4nzten gestern Sa 9. Mai im Zillertal bei der Tiroler Meisterschaft Berg beide vom Siegerpodest herab! Pia \u2013die in erster Linie Triathlon betreibt- siegte in ihrer Klasse und wurde sogar gesamt 2. bei den Frauen \u2013 und das mit erst 14 \u201eLenzen\u201c! Dass sie mit einer niedrigen 30er-Zeit sogar noch ein bisschen\u00a0 schneller war als ihr Kollege Elias Farbmacher, der ausgezeichneter 2. bei den Burschen U17 wurde, unterstreicht ihr enormes Potential!<\/p>\n","protected":false},"excerpt":{"rendered":"<p>Gerlosbergrennen \u2013 TM 2015 Pia Totschnig (M\u00e4dchen U17) und Elias Farbmacher (U17) -beide in den Diensten des \u00d6AMTC RAIKA KLEIDERMAIR ASV INZING unterwegs- gl\u00e4nzten gestern Sa 9. Mai im Zillertal bei der Tiroler Meisterschaft Berg beide vom Siegerpodest herab! Pia \u2013die in erster Linie Triathlon betreibt- siegte in ihrer Klasse und wurde sogar gesamt 2.&hellip;&nbsp;<a href=\"https:\/\/rad.asvi.at\/?p=5241\" class=\"\" rel=\"bookmark\">Weiterlesen &raquo;<span class=\"screen-reader-text\">Starke Inzinger Youngstars bei der TM-Berg<\/span><\/a><\/p>\n","protected":false},"author":2,"featured_media":5250,"comment_status":"open","ping_status":"closed","sticky":false,"template":"","format":"standard","meta":{"neve_meta_sidebar":"","neve_meta_container":"","neve_meta_enable_content_width":"","neve_meta_content_width":0,"neve_meta_title_alignment":"","neve_meta_author_avatar":"","neve_post_elements_order":"","neve_meta_disable_header":"","neve_meta_disable_footer":"","neve_meta_disable_title":"","footnotes":""},"categories":[9,11],"tags":[],"class_list":["post-5241","post","type-post","status-publish","format-standard","has-post-thumbnail","hentry","category-allgemein","category-rennsport"],"featured_image_urls":{"full":"","thumbnail":"","medium":"","medium_large":"","large":"","xl":"","xxl":"","xxxl":"","xxxxl":"","xxxxxl":"","1536x1536":"","2048x2048":"","neve-blog":""},"post_excerpt_stackable":"<p>Gerlosbergrennen \u2013 TM 2015 Pia Totschnig (M\u00e4dchen U17) und Elias Farbmacher (U17) -beide in den Diensten des \u00d6AMTC RAIKA KLEIDERMAIR ASV INZING unterwegs- gl\u00e4nzten gestern Sa 9. Mai im Zillertal bei der Tiroler Meisterschaft Berg beide vom Siegerpodest herab! Pia \u2013die in erster Linie Triathlon betreibt- siegte in ihrer Klasse und wurde sogar gesamt 2. bei den Frauen \u2013 und das mit erst 14 \u201eLenzen\u201c! Dass sie mit einer niedrigen 30er-Zeit sogar noch ein bisschen\u00a0 schneller war als ihr Kollege Elias Farbmacher, der ausgezeichneter 2. bei den Burschen U17 wurde, unterstreicht ihr enormes Potential!<\/p>\n","category_list":"<a href=\"https:\/\/rad.asvi.at\/?cat=9\" rel=\"category\">Allgemein<\/a>, <a href=\"https:\/\/rad.asvi.at\/?cat=11\" rel=\"category\">Rennsport<\/a>","author_info":{"name":"Roman","url":"https:\/\/rad.asvi.at\/?author=2"},"comments_num":"0 comments","_links":{"self":[{"href":"https:\/\/rad.asvi.at\/index.php?rest_route=\/wp\/v2\/posts\/5241","targetHints":{"allow":["GET"]}}],"collection":[{"href":"https:\/\/rad.asvi.at\/index.php?rest_route=\/wp\/v2\/posts"}],"about":[{"href":"https:\/\/rad.asvi.at\/index.php?rest_route=\/wp\/v2\/types\/post"}],"author":[{"embeddable":true,"href":"https:\/\/rad.asvi.at\/index.php?rest_route=\/wp\/v2\/users\/2"}],"replies":[{"embeddable":true,"href":"https:\/\/rad.asvi.at\/index.php?rest_route=%2Fwp%2Fv2%2Fcomments&post=5241"}],"version-history":[{"count":0,"href":"https:\/\/rad.asvi.at\/index.php?rest_route=\/wp\/v2\/posts\/5241\/revisions"}],"wp:featuredmedia":[{"embeddable":true,"href":"https:\/\/rad.asvi.at\/index.php?rest_route=\/"}],"wp:attachment":[{"href":"https:\/\/rad.asvi.at\/index.php?rest_route=%2Fwp%2Fv2%2Fmedia&parent=5241"}],"wp:term":[{"taxonomy":"category","embeddable":true,"href":"https:\/\/rad.asvi.at\/index.php?rest_route=%2Fwp%2Fv2%2Fcategories&post=5241"},{"taxonomy":"post_tag","embeddable":true,"href":"https:\/\/rad.asvi.at\/index.php?rest_route=%2Fwp%2Fv2%2Ftags&post=5241"}],"curies":[{"name":"wp","href":"https:\/\/api.w.org\/{rel}","templated":true}]}}