{"id":5252,"date":"2015-05-16T00:17:06","date_gmt":"2015-05-15T22:17:06","guid":{"rendered":"http:\/\/www.radclub-inzing.at\/?p=5252"},"modified":"2015-05-16T00:17:06","modified_gmt":"2015-05-15T22:17:06","slug":"erster-sieg-von-lukas-grieser-u13-beim-kampf-gegen-die-uhr","status":"publish","type":"post","link":"https:\/\/rad.asvi.at\/?p=5252","title":{"rendered":"Erster Sieg von Lukas Grie\u00dfer (U13) beim Kampf gegen die Uhr!"},"content":{"rendered":"<p>Donnerstag\u00a014.05.2015 Christi Himmelfahrt stand das erste von vier Rennen an diesem verl\u00e4ngertem Wochenende am Plan. Einzelzeitfahren in Offenhausen(durch das Gr\u00fcnbachtal O\u00d6) \u00d6-Cup und U 13 Kids- Cup Rennen:Nach heftigen Unwettern in der Nacht auf heute, wo Stra\u00dfen, Felder, Keller \u00fcberflutet wurden, stand die Durchf\u00fchrung des Rennens noch in schwebe! Lukas U 13 hatte einen 8 km ( 60 Hm) langen, h\u00fcgeligen Kurs zu bew\u00e4ltigen. Er startete als 16ter von immerhin 17 U 13 Fahrern ins Rennen und kam mit den Bedingungen (teils nasse sehr kurvige Stra\u00dfe, Wind )sehr gut zu recht und konnte sogar zwei seiner Kontrahenten \u00fcberholen. Er kam mit einer bomben Zeit von 15:00:03 ins Ziel und gewann mit deutlichem Vorsprung sein erstes Rennen! Elias U 17 musste doch schon eine l\u00e4ngere Stecke ( 17,8 km 125 Hm ) hinter sich bringen. Auch er kam mit den Verh\u00e4ltnissen gut zu recht und konnte sich bei seinem ersten EZF als 25. behaupten! Elias steht noch ein hartes Rennwochenende in Grafenbach N\u00d6 ( Prolog, Kriterium und Stra\u00dfenrennen) bevor. Lukas und Ramona starten am Samstag in Sch\u00f6nwies beim Bichlirennen XC Rennen ( TM! )<\/p>\n<p>\u00a0<em>(Text: Fam. Grie\u00dfer)<\/em><\/p>\n","protected":false},"excerpt":{"rendered":"<p>Donnerstag\u00a014.05.2015 Christi Himmelfahrt stand das erste von vier Rennen an diesem verl\u00e4ngertem Wochenende am Plan. Einzelzeitfahren in Offenhausen(durch das Gr\u00fcnbachtal O\u00d6) \u00d6-Cup und U 13 Kids- Cup Rennen:Nach heftigen Unwettern in der Nacht auf heute, wo Stra\u00dfen, Felder, Keller \u00fcberflutet wurden, stand die Durchf\u00fchrung des Rennens noch in schwebe! Lukas U 13 hatte einen 8&hellip;&nbsp;<a href=\"https:\/\/rad.asvi.at\/?p=5252\" class=\"\" rel=\"bookmark\">Weiterlesen &raquo;<span class=\"screen-reader-text\">Erster Sieg von Lukas Grie\u00dfer (U13) beim Kampf gegen die Uhr!<\/span><\/a><\/p>\n","protected":false},"author":2,"featured_media":5258,"comment_status":"open","ping_status":"closed","sticky":false,"template":"","format":"standard","meta":{"neve_meta_sidebar":"","neve_meta_container":"","neve_meta_enable_content_width":"","neve_meta_content_width":0,"neve_meta_title_alignment":"","neve_meta_author_avatar":"","neve_post_elements_order":"","neve_meta_disable_header":"","neve_meta_disable_footer":"","neve_meta_disable_title":"","footnotes":""},"categories":[9,11],"tags":[],"class_list":["post-5252","post","type-post","status-publish","format-standard","has-post-thumbnail","hentry","category-allgemein","category-rennsport"],"featured_image_urls":{"full":"","thumbnail":"","medium":"","medium_large":"","large":"","xl":"","xxl":"","xxxl":"","xxxxl":"","xxxxxl":"","1536x1536":"","2048x2048":"","neve-blog":""},"post_excerpt_stackable":"<p>Donnerstag\u00a014.05.2015 Christi Himmelfahrt stand das erste von vier Rennen an diesem verl\u00e4ngertem Wochenende am Plan. Einzelzeitfahren in Offenhausen(durch das Gr\u00fcnbachtal O\u00d6) \u00d6-Cup und U 13 Kids- Cup Rennen:Nach heftigen Unwettern in der Nacht auf heute, wo Stra\u00dfen, Felder, Keller \u00fcberflutet wurden, stand die Durchf\u00fchrung des Rennens noch in schwebe! Lukas U 13 hatte einen 8 km ( 60 Hm) langen, h\u00fcgeligen Kurs zu bew\u00e4ltigen. Er startete als 16ter von immerhin 17 U 13 Fahrern ins Rennen und kam mit den Bedingungen (teils nasse sehr kurvige Stra\u00dfe, Wind )sehr gut zu recht und konnte sogar zwei seiner Kontrahenten \u00fcberholen. Er kam&hellip;<\/p>\n","category_list":"<a href=\"https:\/\/rad.asvi.at\/?cat=9\" rel=\"category\">Allgemein<\/a>, <a href=\"https:\/\/rad.asvi.at\/?cat=11\" rel=\"category\">Rennsport<\/a>","author_info":{"name":"Roman","url":"https:\/\/rad.asvi.at\/?author=2"},"comments_num":"0 comments","_links":{"self":[{"href":"https:\/\/rad.asvi.at\/index.php?rest_route=\/wp\/v2\/posts\/5252","targetHints":{"allow":["GET"]}}],"collection":[{"href":"https:\/\/rad.asvi.at\/index.php?rest_route=\/wp\/v2\/posts"}],"about":[{"href":"https:\/\/rad.asvi.at\/index.php?rest_route=\/wp\/v2\/types\/post"}],"author":[{"embeddable":true,"href":"https:\/\/rad.asvi.at\/index.php?rest_route=\/wp\/v2\/users\/2"}],"replies":[{"embeddable":true,"href":"https:\/\/rad.asvi.at\/index.php?rest_route=%2Fwp%2Fv2%2Fcomments&post=5252"}],"version-history":[{"count":0,"href":"https:\/\/rad.asvi.at\/index.php?rest_route=\/wp\/v2\/posts\/5252\/revisions"}],"wp:featuredmedia":[{"embeddable":true,"href":"https:\/\/rad.asvi.at\/index.php?rest_route=\/"}],"wp:attachment":[{"href":"https:\/\/rad.asvi.at\/index.php?rest_route=%2Fwp%2Fv2%2Fmedia&parent=5252"}],"wp:term":[{"taxonomy":"category","embeddable":true,"href":"https:\/\/rad.asvi.at\/index.php?rest_route=%2Fwp%2Fv2%2Fcategories&post=5252"},{"taxonomy":"post_tag","embeddable":true,"href":"https:\/\/rad.asvi.at\/index.php?rest_route=%2Fwp%2Fv2%2Ftags&post=5252"}],"curies":[{"name":"wp","href":"https:\/\/api.w.org\/{rel}","templated":true}]}}