{"id":5341,"date":"2015-05-18T22:30:08","date_gmt":"2015-05-18T20:30:08","guid":{"rendered":"http:\/\/www.radclub-inzing.at\/?p=5341"},"modified":"2015-05-18T22:30:08","modified_gmt":"2015-05-18T20:30:08","slug":"radwoche-massa-marittima-toscana","status":"publish","type":"post","link":"https:\/\/rad.asvi.at\/?p=5341","title":{"rendered":"Radwoche Massa Marittima &#8211; Toscana"},"content":{"rendered":"<p>Die heurige Radwoche \u00fcbertraf alle Erwartungen.<br \/>\nDie t\u00e4glichen Radtouren f\u00fchrten uns zu den sch\u00f6nsten Pl\u00e4tzen der Maremma.<br \/>\nDer\u00a0Zustand der Stra\u00dfen, die wundersch\u00f6ne Landschaft, die D\u00f6rfer und St\u00e4dtchen auf den H\u00fcgeln,<br \/>\ndas Hotel, der Ausflug auf die Insel Elba &#8211; einfach perfekt !!!<br \/>\nNochmals vielen Dank\u00a0an die\u00a0Organisatoren &#8211; \u00a0Peter,\u00a0 Martin und Ulli !<\/p>\n<p>Teilnehmer: 23 Personen (9 Damen) \/ Kilometer: 724 \/ H\u00f6henmeter: 10.444<\/p>\n","protected":false},"excerpt":{"rendered":"<p>Die heurige Radwoche \u00fcbertraf alle Erwartungen. Die t\u00e4glichen Radtouren f\u00fchrten uns zu den sch\u00f6nsten Pl\u00e4tzen der Maremma. Der\u00a0Zustand der Stra\u00dfen, die wundersch\u00f6ne Landschaft, die D\u00f6rfer und St\u00e4dtchen auf den H\u00fcgeln, das Hotel, der Ausflug auf die Insel Elba &#8211; einfach perfekt !!! Nochmals vielen Dank\u00a0an die\u00a0Organisatoren &#8211; \u00a0Peter,\u00a0 Martin und Ulli ! Teilnehmer: 23 Personen&hellip;&nbsp;<a href=\"https:\/\/rad.asvi.at\/?p=5341\" class=\"\" rel=\"bookmark\">Weiterlesen &raquo;<span class=\"screen-reader-text\">Radwoche Massa Marittima &#8211; Toscana<\/span><\/a><\/p>\n","protected":false},"author":2,"featured_media":5324,"comment_status":"open","ping_status":"closed","sticky":false,"template":"","format":"standard","meta":{"neve_meta_sidebar":"","neve_meta_container":"","neve_meta_enable_content_width":"","neve_meta_content_width":0,"neve_meta_title_alignment":"","neve_meta_author_avatar":"","neve_post_elements_order":"","neve_meta_disable_header":"","neve_meta_disable_footer":"","neve_meta_disable_title":"","footnotes":""},"categories":[9,10],"tags":[],"class_list":["post-5341","post","type-post","status-publish","format-standard","has-post-thumbnail","hentry","category-allgemein","category-hobbysport"],"featured_image_urls":{"full":"","thumbnail":"","medium":"","medium_large":"","large":"","xl":"","xxl":"","xxxl":"","xxxxl":"","xxxxxl":"","1536x1536":"","2048x2048":"","neve-blog":""},"post_excerpt_stackable":"<p>Die heurige Radwoche \u00fcbertraf alle Erwartungen. Die t\u00e4glichen Radtouren f\u00fchrten uns zu den sch\u00f6nsten Pl\u00e4tzen der Maremma. Der\u00a0Zustand der Stra\u00dfen, die wundersch\u00f6ne Landschaft, die D\u00f6rfer und St\u00e4dtchen auf den H\u00fcgeln, das Hotel, der Ausflug auf die Insel Elba &#8211; einfach perfekt !!! Nochmals vielen Dank\u00a0an die\u00a0Organisatoren &#8211; \u00a0Peter,\u00a0 Martin und Ulli ! Teilnehmer: 23 Personen (9 Damen) \/ Kilometer: 724 \/ H\u00f6henmeter: 10.444<\/p>\n","category_list":"<a href=\"https:\/\/rad.asvi.at\/?cat=9\" rel=\"category\">Allgemein<\/a>, <a href=\"https:\/\/rad.asvi.at\/?cat=10\" rel=\"category\">Hobbysport<\/a>","author_info":{"name":"Roman","url":"https:\/\/rad.asvi.at\/?author=2"},"comments_num":"0 comments","_links":{"self":[{"href":"https:\/\/rad.asvi.at\/index.php?rest_route=\/wp\/v2\/posts\/5341","targetHints":{"allow":["GET"]}}],"collection":[{"href":"https:\/\/rad.asvi.at\/index.php?rest_route=\/wp\/v2\/posts"}],"about":[{"href":"https:\/\/rad.asvi.at\/index.php?rest_route=\/wp\/v2\/types\/post"}],"author":[{"embeddable":true,"href":"https:\/\/rad.asvi.at\/index.php?rest_route=\/wp\/v2\/users\/2"}],"replies":[{"embeddable":true,"href":"https:\/\/rad.asvi.at\/index.php?rest_route=%2Fwp%2Fv2%2Fcomments&post=5341"}],"version-history":[{"count":0,"href":"https:\/\/rad.asvi.at\/index.php?rest_route=\/wp\/v2\/posts\/5341\/revisions"}],"wp:featuredmedia":[{"embeddable":true,"href":"https:\/\/rad.asvi.at\/index.php?rest_route=\/"}],"wp:attachment":[{"href":"https:\/\/rad.asvi.at\/index.php?rest_route=%2Fwp%2Fv2%2Fmedia&parent=5341"}],"wp:term":[{"taxonomy":"category","embeddable":true,"href":"https:\/\/rad.asvi.at\/index.php?rest_route=%2Fwp%2Fv2%2Fcategories&post=5341"},{"taxonomy":"post_tag","embeddable":true,"href":"https:\/\/rad.asvi.at\/index.php?rest_route=%2Fwp%2Fv2%2Ftags&post=5341"}],"curies":[{"name":"wp","href":"https:\/\/api.w.org\/{rel}","templated":true}]}}