{"id":5534,"date":"2015-06-30T18:53:37","date_gmt":"2015-06-30T16:53:37","guid":{"rendered":"http:\/\/www.radclub-inzing.at\/?p=5534"},"modified":"2015-06-30T18:53:37","modified_gmt":"2015-06-30T16:53:37","slug":"uber-fluela-und-albulapas","status":"publish","type":"post","link":"https:\/\/rad.asvi.at\/?p=5534","title":{"rendered":"\u00dcber Fl\u00fcela- und Albulapa\u00df"},"content":{"rendered":"<p>Bei traumhaften Wetter und bei guter Laune nahmen\u00a0zehn Teilnehmer und\u00a0eine Teilnehmerin<br \/>\ndie wirklich nicht leichte Strecke in Angriff. Bei der Auffahrt Richtung Fluela, blies uns ein<br \/>\nfrischer Wind entgegen. Nach mitt\u00e4glicher Einkehr bei sehr guten Spagetti ging es Richtung<br \/>\nAlbulapa\u00df. Immer wieder\u00a0war die Trassierung\u00a0der Schmalspurbahn der Rh\u00e4tischen Bahn die \u00fcber den Albulapa\u00df<br \/>\nf\u00fchrt zu sehen. Sie ist ein Meisterwerk der Ingenieurkunst\u00a0und erhielt auch den Status\u00a0als UNESCO-Weltkulturerbe.<br \/>\nNach erreichen der Passh\u00f6he (2312 m) und einer kurzen Rast im Berggasthof Albula Hospiz, fuhren wir in\u00a0Richtung<br \/>\nLa Punt ins sch\u00f6ne Engadin.<br \/>\nEin besonderes Lob geb\u00fchrt noch an Gitti !! (einzige weibliche Teilnehmerin)<\/p>\n<p>Teilnehmer: 11\u00a0 \/ Streckenl\u00e4nge 123 km \/ H\u00f6henmeter 2.619 \/<\/p>\n","protected":false},"excerpt":{"rendered":"<p>Bei traumhaften Wetter und bei guter Laune nahmen\u00a0zehn Teilnehmer und\u00a0eine Teilnehmerin die wirklich nicht leichte Strecke in Angriff. Bei der Auffahrt Richtung Fluela, blies uns ein frischer Wind entgegen. Nach mitt\u00e4glicher Einkehr bei sehr guten Spagetti ging es Richtung Albulapa\u00df. Immer wieder\u00a0war die Trassierung\u00a0der Schmalspurbahn der Rh\u00e4tischen Bahn die \u00fcber den Albulapa\u00df f\u00fchrt zu sehen.&hellip;&nbsp;<a href=\"https:\/\/rad.asvi.at\/?p=5534\" class=\"\" rel=\"bookmark\">Weiterlesen &raquo;<span class=\"screen-reader-text\">\u00dcber Fl\u00fcela- und Albulapa\u00df<\/span><\/a><\/p>\n","protected":false},"author":2,"featured_media":5518,"comment_status":"open","ping_status":"closed","sticky":false,"template":"","format":"standard","meta":{"neve_meta_sidebar":"","neve_meta_container":"","neve_meta_enable_content_width":"","neve_meta_content_width":0,"neve_meta_title_alignment":"","neve_meta_author_avatar":"","neve_post_elements_order":"","neve_meta_disable_header":"","neve_meta_disable_footer":"","neve_meta_disable_title":"","footnotes":""},"categories":[9,10],"tags":[],"class_list":["post-5534","post","type-post","status-publish","format-standard","has-post-thumbnail","hentry","category-allgemein","category-hobbysport"],"featured_image_urls":{"full":"","thumbnail":"","medium":"","medium_large":"","large":"","xl":"","xxl":"","xxxl":"","xxxxl":"","xxxxxl":"","1536x1536":"","2048x2048":"","neve-blog":""},"post_excerpt_stackable":"<p>Bei traumhaften Wetter und bei guter Laune nahmen\u00a0zehn Teilnehmer und\u00a0eine Teilnehmerin die wirklich nicht leichte Strecke in Angriff. Bei der Auffahrt Richtung Fluela, blies uns ein frischer Wind entgegen. Nach mitt\u00e4glicher Einkehr bei sehr guten Spagetti ging es Richtung Albulapa\u00df. Immer wieder\u00a0war die Trassierung\u00a0der Schmalspurbahn der Rh\u00e4tischen Bahn die \u00fcber den Albulapa\u00df f\u00fchrt zu sehen. Sie ist ein Meisterwerk der Ingenieurkunst\u00a0und erhielt auch den Status\u00a0als UNESCO-Weltkulturerbe. Nach erreichen der Passh\u00f6he (2312 m) und einer kurzen Rast im Berggasthof Albula Hospiz, fuhren wir in\u00a0Richtung La Punt ins sch\u00f6ne Engadin. Ein besonderes Lob geb\u00fchrt noch an Gitti !! (einzige weibliche Teilnehmerin) Teilnehmer:&hellip;<\/p>\n","category_list":"<a href=\"https:\/\/rad.asvi.at\/?cat=9\" rel=\"category\">Allgemein<\/a>, <a href=\"https:\/\/rad.asvi.at\/?cat=10\" rel=\"category\">Hobbysport<\/a>","author_info":{"name":"Roman","url":"https:\/\/rad.asvi.at\/?author=2"},"comments_num":"0 comments","_links":{"self":[{"href":"https:\/\/rad.asvi.at\/index.php?rest_route=\/wp\/v2\/posts\/5534","targetHints":{"allow":["GET"]}}],"collection":[{"href":"https:\/\/rad.asvi.at\/index.php?rest_route=\/wp\/v2\/posts"}],"about":[{"href":"https:\/\/rad.asvi.at\/index.php?rest_route=\/wp\/v2\/types\/post"}],"author":[{"embeddable":true,"href":"https:\/\/rad.asvi.at\/index.php?rest_route=\/wp\/v2\/users\/2"}],"replies":[{"embeddable":true,"href":"https:\/\/rad.asvi.at\/index.php?rest_route=%2Fwp%2Fv2%2Fcomments&post=5534"}],"version-history":[{"count":0,"href":"https:\/\/rad.asvi.at\/index.php?rest_route=\/wp\/v2\/posts\/5534\/revisions"}],"wp:featuredmedia":[{"embeddable":true,"href":"https:\/\/rad.asvi.at\/index.php?rest_route=\/"}],"wp:attachment":[{"href":"https:\/\/rad.asvi.at\/index.php?rest_route=%2Fwp%2Fv2%2Fmedia&parent=5534"}],"wp:term":[{"taxonomy":"category","embeddable":true,"href":"https:\/\/rad.asvi.at\/index.php?rest_route=%2Fwp%2Fv2%2Fcategories&post=5534"},{"taxonomy":"post_tag","embeddable":true,"href":"https:\/\/rad.asvi.at\/index.php?rest_route=%2Fwp%2Fv2%2Ftags&post=5534"}],"curies":[{"name":"wp","href":"https:\/\/api.w.org\/{rel}","templated":true}]}}