{"id":5546,"date":"2015-07-06T23:05:35","date_gmt":"2015-07-06T21:05:35","guid":{"rendered":"http:\/\/www.radclub-inzing.at\/?p=5546"},"modified":"2015-07-06T23:05:35","modified_gmt":"2015-07-06T21:05:35","slug":"lukas-grieser-holt-bronze-bei-der-osterreichischen-meisterschaft-strase","status":"publish","type":"post","link":"https:\/\/rad.asvi.at\/?p=5546","title":{"rendered":"Lukas Grie\u00dfer holt  Bronze bei der \u00d6sterreichischen Meisterschaft Stra\u00dfe"},"content":{"rendered":"<p>Gestern Sa\u00a0 den\u00a0 4. Juli 2015 fand im nieder\u00f6sterreichischen Statzendorf (N\u00e4he Wien) die \u00d6sterreichischen Meisterschaften Stra\u00dfe in allen Nachwuchsklassen statt.<\/p>\n<p>Erst am Nachmittag um 13 Uhr bei br\u00fctender Mittagshitze (35 Grad!) war der Start der U 17 Kategorie, wo von unserem Verein <strong>\u00d6AMTC RAIKA ASV INZING<\/strong> <strong><em>Elias Farbmacher<\/em><\/strong> ins Rennen ging. \u00a08 Runden zu je 7,5 km\u00a0 also 60 km mit ca. 1000 Hm waren zu bew\u00e4ltigen.\u00a0 Elias fuhr ein solides Rennen und klassierte sich als 16. Im Mittelfeld.\u00a0 Gewonnen haben in dieser Kategorie \u00fcbrigens wieder die beiden Gamper-Zwillinge aus Schwaz\u00a0 &#8211; Mario vor Florian!<\/p>\n<p>Erst nach 16 Uhr war der Start der U 13 Kategorie, wo heuer zum ersten Mal auch eine \u00d6M ausgefahren wurde! Als\u00a0 einer der ganz\u00a0 gro\u00dfen Favoriten in dieser Klasse (Cup-F\u00fchrender) ging der Inzinger <strong><em>Lukas Grie\u00dfer<\/em><\/strong> an den Start.\u00a0 Die U13 hatten lediglich 2 Runden zu absolvieren, dementsprechend hoch war das Tempo von Beginn an. So formierte sich schon bei der ersten langen Steigung\u00a0 eine 4-k\u00f6pfige Spitzengruppe und daran \u00e4nderte sich auch in der 2. Runde nichts. Da sich keiner der Kontrahenten am Berg entscheidend absetzen konnte,\u00a0 kam\u00a0 es zu einem Sprintfinale.\u00a0 Lukas Grie\u00dfer leistete dabei auf dem letzten Kilometer bis ins Ziel wohl zu viel F\u00fchrungsarbeit, sodass ihm auf den letzten 50 m hinauf ins Ziel die Kr\u00e4fte verlie\u00dfen und er sich mit dem <strong>3. Platz<\/strong> zufrieden geben musste.\u00a0 Die gewonnene <strong>Bronzemedaille<\/strong> \u201eschmeckte\u201c dann aber auch nicht ganz schlecht!<\/p>\n<p>Ergebnisse:\u00a0\u00a0<a href=\"http:\/\/www.sportzeitnehmung.at\/\">www.sportzeitnehmung.at<\/a><\/p>\n<p>&nbsp;<\/p>\n","protected":false},"excerpt":{"rendered":"<p>Gestern Sa\u00a0 den\u00a0 4. Juli 2015 fand im nieder\u00f6sterreichischen Statzendorf (N\u00e4he Wien) die \u00d6sterreichischen Meisterschaften Stra\u00dfe in allen Nachwuchsklassen statt. Erst am Nachmittag um 13 Uhr bei br\u00fctender Mittagshitze (35 Grad!) war der Start der U 17 Kategorie, wo von unserem Verein \u00d6AMTC RAIKA ASV INZING Elias Farbmacher ins Rennen ging. \u00a08 Runden zu je&hellip;&nbsp;<a href=\"https:\/\/rad.asvi.at\/?p=5546\" class=\"\" rel=\"bookmark\">Weiterlesen &raquo;<span class=\"screen-reader-text\">Lukas Grie\u00dfer holt  Bronze bei der \u00d6sterreichischen Meisterschaft Stra\u00dfe<\/span><\/a><\/p>\n","protected":false},"author":2,"featured_media":5552,"comment_status":"open","ping_status":"closed","sticky":false,"template":"","format":"standard","meta":{"neve_meta_sidebar":"","neve_meta_container":"","neve_meta_enable_content_width":"","neve_meta_content_width":0,"neve_meta_title_alignment":"","neve_meta_author_avatar":"","neve_post_elements_order":"","neve_meta_disable_header":"","neve_meta_disable_footer":"","neve_meta_disable_title":"","footnotes":""},"categories":[9,11],"tags":[],"class_list":["post-5546","post","type-post","status-publish","format-standard","has-post-thumbnail","hentry","category-allgemein","category-rennsport"],"featured_image_urls":{"full":"","thumbnail":"","medium":"","medium_large":"","large":"","xl":"","xxl":"","xxxl":"","xxxxl":"","xxxxxl":"","1536x1536":"","2048x2048":"","neve-blog":""},"post_excerpt_stackable":"<p>Gestern Sa\u00a0 den\u00a0 4. Juli 2015 fand im nieder\u00f6sterreichischen Statzendorf (N\u00e4he Wien) die \u00d6sterreichischen Meisterschaften Stra\u00dfe in allen Nachwuchsklassen statt. Erst am Nachmittag um 13 Uhr bei br\u00fctender Mittagshitze (35 Grad!) war der Start der U 17 Kategorie, wo von unserem Verein \u00d6AMTC RAIKA ASV INZING Elias Farbmacher ins Rennen ging. \u00a08 Runden zu je 7,5 km\u00a0 also 60 km mit ca. 1000 Hm waren zu bew\u00e4ltigen.\u00a0 Elias fuhr ein solides Rennen und klassierte sich als 16. Im Mittelfeld.\u00a0 Gewonnen haben in dieser Kategorie \u00fcbrigens wieder die beiden Gamper-Zwillinge aus Schwaz\u00a0 &#8211; Mario vor Florian! Erst nach 16 Uhr war&hellip;<\/p>\n","category_list":"<a href=\"https:\/\/rad.asvi.at\/?cat=9\" rel=\"category\">Allgemein<\/a>, <a href=\"https:\/\/rad.asvi.at\/?cat=11\" rel=\"category\">Rennsport<\/a>","author_info":{"name":"Roman","url":"https:\/\/rad.asvi.at\/?author=2"},"comments_num":"0 comments","_links":{"self":[{"href":"https:\/\/rad.asvi.at\/index.php?rest_route=\/wp\/v2\/posts\/5546","targetHints":{"allow":["GET"]}}],"collection":[{"href":"https:\/\/rad.asvi.at\/index.php?rest_route=\/wp\/v2\/posts"}],"about":[{"href":"https:\/\/rad.asvi.at\/index.php?rest_route=\/wp\/v2\/types\/post"}],"author":[{"embeddable":true,"href":"https:\/\/rad.asvi.at\/index.php?rest_route=\/wp\/v2\/users\/2"}],"replies":[{"embeddable":true,"href":"https:\/\/rad.asvi.at\/index.php?rest_route=%2Fwp%2Fv2%2Fcomments&post=5546"}],"version-history":[{"count":0,"href":"https:\/\/rad.asvi.at\/index.php?rest_route=\/wp\/v2\/posts\/5546\/revisions"}],"wp:featuredmedia":[{"embeddable":true,"href":"https:\/\/rad.asvi.at\/index.php?rest_route=\/"}],"wp:attachment":[{"href":"https:\/\/rad.asvi.at\/index.php?rest_route=%2Fwp%2Fv2%2Fmedia&parent=5546"}],"wp:term":[{"taxonomy":"category","embeddable":true,"href":"https:\/\/rad.asvi.at\/index.php?rest_route=%2Fwp%2Fv2%2Fcategories&post=5546"},{"taxonomy":"post_tag","embeddable":true,"href":"https:\/\/rad.asvi.at\/index.php?rest_route=%2Fwp%2Fv2%2Ftags&post=5546"}],"curies":[{"name":"wp","href":"https:\/\/api.w.org\/{rel}","templated":true}]}}