{"id":5556,"date":"2015-07-06T23:10:29","date_gmt":"2015-07-06T21:10:29","guid":{"rendered":"http:\/\/www.radclub-inzing.at\/?p=5556"},"modified":"2015-07-06T23:10:29","modified_gmt":"2015-07-06T21:10:29","slug":"lukas-grieser-auch-auf-dem-mtb-immer-starker","status":"publish","type":"post","link":"https:\/\/rad.asvi.at\/?p=5556","title":{"rendered":"Lukas Grie\u00dfer auch auf dem MTB immer st\u00e4rker!"},"content":{"rendered":"<p>Sonntag 05.07.2015 Alpencup und Tiroler MTB-Cup in S\u00f6lden<\/p>\n<p>\u00a0Bei noch moderraten Temperaturen am Vormittag ging <strong><em>Ramona Grie\u00dfer<\/em><\/strong> (<strong>\u00d6AMTC RAIKA ASV INZING<\/strong>) auf ihre 4 Runden. Gleich nach dem Start kam sie leider zu Sturz, sammelte sich sofort und stieg wieder tapfer aufs MTB. Dadurch verlor sie nat\u00fcrlich von Beginn an einige Pl\u00e4tze, aber sie k\u00e4mpfte beherzt weiter und landete schlie\u00dflich auf dem 10. Rang. Ihr Bruder <strong><em>Lukas Grie\u00dfer<\/em><\/strong> stand -nach der gestrigen \u00d6M Stra\u00dfe in N\u00d6- etwas m\u00fcde, bei 30 Grad Celsius um 12 Uhr Mittag, am Start. Es galt 3 gro\u00dfe Runden zu meistern, wobei er den Start gut erwischte und er reihte sich schon in der ersten Runde an der ausgezeichneten 4. Stelle ein. Diesen Platz gab er auch bis ins Ziel nicht wieder her! Bravo!<\/p>\n<p>&nbsp;<\/p>\n","protected":false},"excerpt":{"rendered":"<p>Sonntag 05.07.2015 Alpencup und Tiroler MTB-Cup in S\u00f6lden \u00a0Bei noch moderraten Temperaturen am Vormittag ging Ramona Grie\u00dfer (\u00d6AMTC RAIKA ASV INZING) auf ihre 4 Runden. Gleich nach dem Start kam sie leider zu Sturz, sammelte sich sofort und stieg wieder tapfer aufs MTB. Dadurch verlor sie nat\u00fcrlich von Beginn an einige Pl\u00e4tze, aber sie k\u00e4mpfte&hellip;&nbsp;<a href=\"https:\/\/rad.asvi.at\/?p=5556\" class=\"\" rel=\"bookmark\">Weiterlesen &raquo;<span class=\"screen-reader-text\">Lukas Grie\u00dfer auch auf dem MTB immer st\u00e4rker!<\/span><\/a><\/p>\n","protected":false},"author":2,"featured_media":5560,"comment_status":"open","ping_status":"closed","sticky":false,"template":"","format":"standard","meta":{"neve_meta_sidebar":"","neve_meta_container":"","neve_meta_enable_content_width":"","neve_meta_content_width":0,"neve_meta_title_alignment":"","neve_meta_author_avatar":"","neve_post_elements_order":"","neve_meta_disable_header":"","neve_meta_disable_footer":"","neve_meta_disable_title":"","footnotes":""},"categories":[9,11],"tags":[],"class_list":["post-5556","post","type-post","status-publish","format-standard","has-post-thumbnail","hentry","category-allgemein","category-rennsport"],"featured_image_urls":{"full":"","thumbnail":"","medium":"","medium_large":"","large":"","xl":"","xxl":"","xxxl":"","xxxxl":"","xxxxxl":"","1536x1536":"","2048x2048":"","neve-blog":""},"post_excerpt_stackable":"<p>Sonntag 05.07.2015 Alpencup und Tiroler MTB-Cup in S\u00f6lden \u00a0Bei noch moderraten Temperaturen am Vormittag ging Ramona Grie\u00dfer (\u00d6AMTC RAIKA ASV INZING) auf ihre 4 Runden. Gleich nach dem Start kam sie leider zu Sturz, sammelte sich sofort und stieg wieder tapfer aufs MTB. Dadurch verlor sie nat\u00fcrlich von Beginn an einige Pl\u00e4tze, aber sie k\u00e4mpfte beherzt weiter und landete schlie\u00dflich auf dem 10. Rang. Ihr Bruder Lukas Grie\u00dfer stand -nach der gestrigen \u00d6M Stra\u00dfe in N\u00d6- etwas m\u00fcde, bei 30 Grad Celsius um 12 Uhr Mittag, am Start. Es galt 3 gro\u00dfe Runden zu meistern, wobei er den Start gut&hellip;<\/p>\n","category_list":"<a href=\"https:\/\/rad.asvi.at\/?cat=9\" rel=\"category\">Allgemein<\/a>, <a href=\"https:\/\/rad.asvi.at\/?cat=11\" rel=\"category\">Rennsport<\/a>","author_info":{"name":"Roman","url":"https:\/\/rad.asvi.at\/?author=2"},"comments_num":"0 comments","_links":{"self":[{"href":"https:\/\/rad.asvi.at\/index.php?rest_route=\/wp\/v2\/posts\/5556","targetHints":{"allow":["GET"]}}],"collection":[{"href":"https:\/\/rad.asvi.at\/index.php?rest_route=\/wp\/v2\/posts"}],"about":[{"href":"https:\/\/rad.asvi.at\/index.php?rest_route=\/wp\/v2\/types\/post"}],"author":[{"embeddable":true,"href":"https:\/\/rad.asvi.at\/index.php?rest_route=\/wp\/v2\/users\/2"}],"replies":[{"embeddable":true,"href":"https:\/\/rad.asvi.at\/index.php?rest_route=%2Fwp%2Fv2%2Fcomments&post=5556"}],"version-history":[{"count":0,"href":"https:\/\/rad.asvi.at\/index.php?rest_route=\/wp\/v2\/posts\/5556\/revisions"}],"wp:featuredmedia":[{"embeddable":true,"href":"https:\/\/rad.asvi.at\/index.php?rest_route=\/"}],"wp:attachment":[{"href":"https:\/\/rad.asvi.at\/index.php?rest_route=%2Fwp%2Fv2%2Fmedia&parent=5556"}],"wp:term":[{"taxonomy":"category","embeddable":true,"href":"https:\/\/rad.asvi.at\/index.php?rest_route=%2Fwp%2Fv2%2Fcategories&post=5556"},{"taxonomy":"post_tag","embeddable":true,"href":"https:\/\/rad.asvi.at\/index.php?rest_route=%2Fwp%2Fv2%2Ftags&post=5556"}],"curies":[{"name":"wp","href":"https:\/\/api.w.org\/{rel}","templated":true}]}}