{"id":5567,"date":"2015-07-27T13:28:25","date_gmt":"2015-07-27T11:28:25","guid":{"rendered":"http:\/\/www.radclub-inzing.at\/?p=5567"},"modified":"2015-07-27T13:28:25","modified_gmt":"2015-07-27T11:28:25","slug":"lukas-grieser-kann-auch-im-sprint-siegen","status":"publish","type":"post","link":"https:\/\/rad.asvi.at\/?p=5567","title":{"rendered":"Lukas Grie\u00dfer kann auch im Sprint siegen!"},"content":{"rendered":"<p><strong>Erlauftaler Radsporttage\/Purgstall<\/strong> 24.7-26.7.2015<\/p>\n<p>Am Samstag um 7 Uhr machten wir uns wieder einmal auf den Weg nach Nieder\u00f6sterreich, wo f\u00fcr unsere\u00a0 Nachwuchsrennfahrer ( Lukas U13 u. Elias U17 waren dabei) zwei Rundstreckenrennen auf dem Programm standen.<\/p>\n<p><strong>Samstag:<\/strong> Lukas startete mit weitern 14 U13 und 4 U14 M\u00e4dchen ins Rennen. Voll motiviert nahm er sich einiges vor, konnte sich aber nicht vom Feld absetzen und so kam es wie es kommen musste. Lukas hielt\u00a0 das Tempo hoch und hatte beim entscheidenden Zielsprint wieder einmal das Nachsehen und so kam er nur als 5 ter -sehr entt\u00e4uscht- ins Ziel.<\/p>\n<p>Elias hatte 3 Runden mit einem schweren ca. 2 km langen steilen Anstieg ( bis 14% ) zu meistern. Steile Berge mag Elias gerne, er konnte daher auch gut mit dem Hauptfeld mitthalten und sprintete als 4 ter vom Feld und gesamt als 18 ter in Ziel!<\/p>\n<p><strong>\u00a0Sonntag<\/strong>: Heute hatte Lukas einiges gut zu machen und \u00e4nderte seine Taktik. Er kontrollierte seine Gegner und nahm sich bei der F\u00fchrungsarbeit zur\u00fcck um Kr\u00e4fte zu sparen f\u00fcr das Finale. Da sich wieder niemand absetzen konnte, kam es auch diesesmal zum &#8222;Massensprint&#8220;. Lukas erwischte das richtige Hinterrad und siegte zum ersten Mal bei einem Sprintfinale!<\/p>\n<p>Auch heute hatte Elias wieder einen Rundkurs 3 mal zu fahren ( \u00e4hnliche Runde wie gestern ). Elias konnte am Berg wieder sehr gut mithalten und f\u00fchrte die Verfolgergruppe teilweise sogar an. Leider konnte er sich beim Zielsprint des Feldes nicht so gut wie am Samstag platzieren (die Spitzengruppe war diesmal wesentlich kleiner),\u00a0aber er kam\u00a0trotzdem wieder\u00a0als 18 ter ins Ziel.<\/p>\n<p>N\u00e4chstes Wochenende wartet mit der\u00a0 \u00d6M im Einzelzeitfahren in Zeltweg\u00a0ein weierer Saisonh\u00f6hepunkt auf unsere Rennfahrer.<\/p>\n<p>&nbsp;<\/p>\n","protected":false},"excerpt":{"rendered":"<p>Erlauftaler Radsporttage\/Purgstall 24.7-26.7.2015 Am Samstag um 7 Uhr machten wir uns wieder einmal auf den Weg nach Nieder\u00f6sterreich, wo f\u00fcr unsere\u00a0 Nachwuchsrennfahrer ( Lukas U13 u. Elias U17 waren dabei) zwei Rundstreckenrennen auf dem Programm standen. Samstag: Lukas startete mit weitern 14 U13 und 4 U14 M\u00e4dchen ins Rennen. Voll motiviert nahm er sich einiges&hellip;&nbsp;<a href=\"https:\/\/rad.asvi.at\/?p=5567\" class=\"\" rel=\"bookmark\">Weiterlesen &raquo;<span class=\"screen-reader-text\">Lukas Grie\u00dfer kann auch im Sprint siegen!<\/span><\/a><\/p>\n","protected":false},"author":2,"featured_media":5572,"comment_status":"open","ping_status":"closed","sticky":false,"template":"","format":"standard","meta":{"neve_meta_sidebar":"","neve_meta_container":"","neve_meta_enable_content_width":"","neve_meta_content_width":0,"neve_meta_title_alignment":"","neve_meta_author_avatar":"","neve_post_elements_order":"","neve_meta_disable_header":"","neve_meta_disable_footer":"","neve_meta_disable_title":"","footnotes":""},"categories":[9,11],"tags":[],"class_list":["post-5567","post","type-post","status-publish","format-standard","has-post-thumbnail","hentry","category-allgemein","category-rennsport"],"featured_image_urls":{"full":"","thumbnail":"","medium":"","medium_large":"","large":"","xl":"","xxl":"","xxxl":"","xxxxl":"","xxxxxl":"","1536x1536":"","2048x2048":"","neve-blog":""},"post_excerpt_stackable":"<p>Erlauftaler Radsporttage\/Purgstall 24.7-26.7.2015 Am Samstag um 7 Uhr machten wir uns wieder einmal auf den Weg nach Nieder\u00f6sterreich, wo f\u00fcr unsere\u00a0 Nachwuchsrennfahrer ( Lukas U13 u. Elias U17 waren dabei) zwei Rundstreckenrennen auf dem Programm standen. Samstag: Lukas startete mit weitern 14 U13 und 4 U14 M\u00e4dchen ins Rennen. Voll motiviert nahm er sich einiges vor, konnte sich aber nicht vom Feld absetzen und so kam es wie es kommen musste. Lukas hielt\u00a0 das Tempo hoch und hatte beim entscheidenden Zielsprint wieder einmal das Nachsehen und so kam er nur als 5 ter -sehr entt\u00e4uscht- ins Ziel. Elias hatte 3&hellip;<\/p>\n","category_list":"<a href=\"https:\/\/rad.asvi.at\/?cat=9\" rel=\"category\">Allgemein<\/a>, <a href=\"https:\/\/rad.asvi.at\/?cat=11\" rel=\"category\">Rennsport<\/a>","author_info":{"name":"Roman","url":"https:\/\/rad.asvi.at\/?author=2"},"comments_num":"0 comments","_links":{"self":[{"href":"https:\/\/rad.asvi.at\/index.php?rest_route=\/wp\/v2\/posts\/5567","targetHints":{"allow":["GET"]}}],"collection":[{"href":"https:\/\/rad.asvi.at\/index.php?rest_route=\/wp\/v2\/posts"}],"about":[{"href":"https:\/\/rad.asvi.at\/index.php?rest_route=\/wp\/v2\/types\/post"}],"author":[{"embeddable":true,"href":"https:\/\/rad.asvi.at\/index.php?rest_route=\/wp\/v2\/users\/2"}],"replies":[{"embeddable":true,"href":"https:\/\/rad.asvi.at\/index.php?rest_route=%2Fwp%2Fv2%2Fcomments&post=5567"}],"version-history":[{"count":0,"href":"https:\/\/rad.asvi.at\/index.php?rest_route=\/wp\/v2\/posts\/5567\/revisions"}],"wp:featuredmedia":[{"embeddable":true,"href":"https:\/\/rad.asvi.at\/index.php?rest_route=\/"}],"wp:attachment":[{"href":"https:\/\/rad.asvi.at\/index.php?rest_route=%2Fwp%2Fv2%2Fmedia&parent=5567"}],"wp:term":[{"taxonomy":"category","embeddable":true,"href":"https:\/\/rad.asvi.at\/index.php?rest_route=%2Fwp%2Fv2%2Fcategories&post=5567"},{"taxonomy":"post_tag","embeddable":true,"href":"https:\/\/rad.asvi.at\/index.php?rest_route=%2Fwp%2Fv2%2Ftags&post=5567"}],"curies":[{"name":"wp","href":"https:\/\/api.w.org\/{rel}","templated":true}]}}