{"id":5578,"date":"2015-07-29T19:54:08","date_gmt":"2015-07-29T17:54:08","guid":{"rendered":"http:\/\/www.radclub-inzing.at\/?p=5578"},"modified":"2015-07-29T19:54:08","modified_gmt":"2015-07-29T17:54:08","slug":"weibsn-radltour-zum-comosee-2015","status":"publish","type":"post","link":"https:\/\/rad.asvi.at\/?p=5578","title":{"rendered":"Weibs\u00b4n-Radltour zum Comosee 2015"},"content":{"rendered":"<p>Auch heuer wieder fuhren die sechs\u00a0Damen (Silvia-Silvia-Kornelia-Hilde-Barbara-Marie) eine viert\u00e4gige Radtour<br \/>\nvon Inzing an den Comosee. Der Wettergott meinte es gut mit Ihnen &#8211; kein Regen (au\u00dfer in der Nacht) sondern<br \/>\nSonnenschein ! Die Tour ging fast unfallfrei \u00fcber die B\u00fchne und die Pannen hielten sich in Grenzen.<br \/>\nAuffallend ist, dass die L\u00e4nge der Touren bzw. die\u00a0H\u00f6henmeter kontinuierlich zunehmen. (letztes Jahr Km 382 \/ Hm 3921)<\/p>\n<p>Die Radtour war auch heuer wieder ein voller Erfolg !<\/p>\n<p>Die Etappen waren wie folgt:<\/p>\n<p>1. Tag: Inzing &#8211; Landeck &#8211; Ardez (CH) \/ Km 131 \/ Hm 1523<br \/>\n2. Tag: Ardez &#8211; Albulapass &#8211; Thusis &#8211; Via Mala &#8211; Zillis \/ Km 98 \/ Hm 1482<br \/>\n3. Tag: Zillis &#8211; Spl\u00fcgenpass . Varenna am Comosee (I) \/ Km 104 \/ Hm 1404<br \/>\n4.Tag: Bellagio &#8211; Madonna del Ghisallo &#8211; Bellagio \/ Km 22 \/ Hm 671<\/p>\n<p>Gesamt: Km 355 \/ Hm 5080<\/p>\n<p>&nbsp;<\/p>\n","protected":false},"excerpt":{"rendered":"<p>Auch heuer wieder fuhren die sechs\u00a0Damen (Silvia-Silvia-Kornelia-Hilde-Barbara-Marie) eine viert\u00e4gige Radtour von Inzing an den Comosee. Der Wettergott meinte es gut mit Ihnen &#8211; kein Regen (au\u00dfer in der Nacht) sondern Sonnenschein ! Die Tour ging fast unfallfrei \u00fcber die B\u00fchne und die Pannen hielten sich in Grenzen. Auffallend ist, dass die L\u00e4nge der Touren bzw.&hellip;&nbsp;<a href=\"https:\/\/rad.asvi.at\/?p=5578\" class=\"\" rel=\"bookmark\">Weiterlesen &raquo;<span class=\"screen-reader-text\">Weibs\u00b4n-Radltour zum Comosee 2015<\/span><\/a><\/p>\n","protected":false},"author":2,"featured_media":5595,"comment_status":"open","ping_status":"closed","sticky":false,"template":"","format":"standard","meta":{"neve_meta_sidebar":"","neve_meta_container":"","neve_meta_enable_content_width":"","neve_meta_content_width":0,"neve_meta_title_alignment":"","neve_meta_author_avatar":"","neve_post_elements_order":"","neve_meta_disable_header":"","neve_meta_disable_footer":"","neve_meta_disable_title":"","footnotes":""},"categories":[9,10],"tags":[],"class_list":["post-5578","post","type-post","status-publish","format-standard","has-post-thumbnail","hentry","category-allgemein","category-hobbysport"],"featured_image_urls":{"full":"","thumbnail":"","medium":"","medium_large":"","large":"","xl":"","xxl":"","xxxl":"","xxxxl":"","xxxxxl":"","1536x1536":"","2048x2048":"","neve-blog":""},"post_excerpt_stackable":"<p>Auch heuer wieder fuhren die sechs\u00a0Damen (Silvia-Silvia-Kornelia-Hilde-Barbara-Marie) eine viert\u00e4gige Radtour von Inzing an den Comosee. Der Wettergott meinte es gut mit Ihnen &#8211; kein Regen (au\u00dfer in der Nacht) sondern Sonnenschein ! Die Tour ging fast unfallfrei \u00fcber die B\u00fchne und die Pannen hielten sich in Grenzen. Auffallend ist, dass die L\u00e4nge der Touren bzw. die\u00a0H\u00f6henmeter kontinuierlich zunehmen. (letztes Jahr Km 382 \/ Hm 3921) Die Radtour war auch heuer wieder ein voller Erfolg ! Die Etappen waren wie folgt: 1. Tag: Inzing &#8211; Landeck &#8211; Ardez (CH) \/ Km 131 \/ Hm 1523 2. Tag: Ardez &#8211; Albulapass &#8211;&hellip;<\/p>\n","category_list":"<a href=\"https:\/\/rad.asvi.at\/?cat=9\" rel=\"category\">Allgemein<\/a>, <a href=\"https:\/\/rad.asvi.at\/?cat=10\" rel=\"category\">Hobbysport<\/a>","author_info":{"name":"Roman","url":"https:\/\/rad.asvi.at\/?author=2"},"comments_num":"0 comments","_links":{"self":[{"href":"https:\/\/rad.asvi.at\/index.php?rest_route=\/wp\/v2\/posts\/5578","targetHints":{"allow":["GET"]}}],"collection":[{"href":"https:\/\/rad.asvi.at\/index.php?rest_route=\/wp\/v2\/posts"}],"about":[{"href":"https:\/\/rad.asvi.at\/index.php?rest_route=\/wp\/v2\/types\/post"}],"author":[{"embeddable":true,"href":"https:\/\/rad.asvi.at\/index.php?rest_route=\/wp\/v2\/users\/2"}],"replies":[{"embeddable":true,"href":"https:\/\/rad.asvi.at\/index.php?rest_route=%2Fwp%2Fv2%2Fcomments&post=5578"}],"version-history":[{"count":0,"href":"https:\/\/rad.asvi.at\/index.php?rest_route=\/wp\/v2\/posts\/5578\/revisions"}],"wp:featuredmedia":[{"embeddable":true,"href":"https:\/\/rad.asvi.at\/index.php?rest_route=\/"}],"wp:attachment":[{"href":"https:\/\/rad.asvi.at\/index.php?rest_route=%2Fwp%2Fv2%2Fmedia&parent=5578"}],"wp:term":[{"taxonomy":"category","embeddable":true,"href":"https:\/\/rad.asvi.at\/index.php?rest_route=%2Fwp%2Fv2%2Fcategories&post=5578"},{"taxonomy":"post_tag","embeddable":true,"href":"https:\/\/rad.asvi.at\/index.php?rest_route=%2Fwp%2Fv2%2Ftags&post=5578"}],"curies":[{"name":"wp","href":"https:\/\/api.w.org\/{rel}","templated":true}]}}