{"id":5611,"date":"2015-08-02T23:32:13","date_gmt":"2015-08-02T21:32:13","guid":{"rendered":"http:\/\/www.radclub-inzing.at\/?p=5611"},"modified":"2015-08-02T23:32:13","modified_gmt":"2015-08-02T21:32:13","slug":"lukas-grieser-holt-sich-souveran-den-om-titel-im-einzelzeitfahren-und-den-gesamtsieg-im-o-cup","status":"publish","type":"post","link":"https:\/\/rad.asvi.at\/?p=5611","title":{"rendered":"Lukas Grie\u00dfer holt sich souver\u00e4n den \u00d6M-Titel im Einzelzeitfahren und den Gesamtsieg im \u00d6-Cup!"},"content":{"rendered":"<p><strong><span style=\"text-decoration: underline;\">1.8.2015 \u00d6-Meisterschaft Einzelzeitfahren am Fliegerhorst in Zeltweg<\/span><\/strong><\/p>\n<p>\u00a0Nach einer etwas l\u00e4nger dauernden Anreise in die Steiermark hatten wir noch gen\u00fcgend Zeit (Startzeit 17 Uhr 26) um alle Vorbereitungen zu treffen! <em>Lukas<\/em> ging als letzter ins Rennen (\u00d6-Cup F\u00fchrender) und knallte gleich die beste Zwischenzeit in den Asphalt!Als er durchs Ziel kam, sprach der Platzsprecher von einer \u201cFabelzeit\u201d. <em>Lukas<\/em> bew\u00e4ltigte die 8,6 km lange Strecke in einer Zeit von 12,54 Minuten, das ergibt eine Durchschnittsgeschwindigkeit von <strong>40,0 km\/h<\/strong> (!).<\/p>\n<p>Somit gewann Lukas nicht nur den <strong>\u00d6sterreichischen Meistertitel<\/strong>, sondern er stand auch bei der Endwertung des <strong>\u00d6-Kids-Cup<\/strong> ganz oben am Stockerl, gefolgt von <em>Alexander Hajek\u00a0<\/em> (RLM Wien) und\u00a0<em> Fabio<\/em> <em>Walch <\/em>(Union Raiffeisen Radteam Tirol). Damit haben wir nach <em>Alexander Wachter<\/em> wieder einen \u00d6-Cupsieger in unseren Reihen! Bravo, Bravissimo!!!<\/p>\n<p>Leider konnte <em>Elias Farbmacher<\/em> wegen Krankheit nicht an der \u00d6M teilnehmen.<\/p>\n<p>&nbsp;<\/p>\n","protected":false},"excerpt":{"rendered":"<p>1.8.2015 \u00d6-Meisterschaft Einzelzeitfahren am Fliegerhorst in Zeltweg \u00a0Nach einer etwas l\u00e4nger dauernden Anreise in die Steiermark hatten wir noch gen\u00fcgend Zeit (Startzeit 17 Uhr 26) um alle Vorbereitungen zu treffen! Lukas ging als letzter ins Rennen (\u00d6-Cup F\u00fchrender) und knallte gleich die beste Zwischenzeit in den Asphalt!Als er durchs Ziel kam, sprach der Platzsprecher von&hellip;&nbsp;<a href=\"https:\/\/rad.asvi.at\/?p=5611\" class=\"\" rel=\"bookmark\">Weiterlesen &raquo;<span class=\"screen-reader-text\">Lukas Grie\u00dfer holt sich souver\u00e4n den \u00d6M-Titel im Einzelzeitfahren und den Gesamtsieg im \u00d6-Cup!<\/span><\/a><\/p>\n","protected":false},"author":2,"featured_media":5612,"comment_status":"open","ping_status":"closed","sticky":false,"template":"","format":"standard","meta":{"neve_meta_sidebar":"","neve_meta_container":"","neve_meta_enable_content_width":"","neve_meta_content_width":0,"neve_meta_title_alignment":"","neve_meta_author_avatar":"","neve_post_elements_order":"","neve_meta_disable_header":"","neve_meta_disable_footer":"","neve_meta_disable_title":"","footnotes":""},"categories":[9,11],"tags":[],"class_list":["post-5611","post","type-post","status-publish","format-standard","has-post-thumbnail","hentry","category-allgemein","category-rennsport"],"featured_image_urls":{"full":"","thumbnail":"","medium":"","medium_large":"","large":"","xl":"","xxl":"","xxxl":"","xxxxl":"","xxxxxl":"","1536x1536":"","2048x2048":"","neve-blog":""},"post_excerpt_stackable":"<p>1.8.2015 \u00d6-Meisterschaft Einzelzeitfahren am Fliegerhorst in Zeltweg \u00a0Nach einer etwas l\u00e4nger dauernden Anreise in die Steiermark hatten wir noch gen\u00fcgend Zeit (Startzeit 17 Uhr 26) um alle Vorbereitungen zu treffen! Lukas ging als letzter ins Rennen (\u00d6-Cup F\u00fchrender) und knallte gleich die beste Zwischenzeit in den Asphalt!Als er durchs Ziel kam, sprach der Platzsprecher von einer \u201cFabelzeit\u201d. Lukas bew\u00e4ltigte die 8,6 km lange Strecke in einer Zeit von 12,54 Minuten, das ergibt eine Durchschnittsgeschwindigkeit von 40,0 km\/h (!). Somit gewann Lukas nicht nur den \u00d6sterreichischen Meistertitel, sondern er stand auch bei der Endwertung des \u00d6-Kids-Cup ganz oben am Stockerl, gefolgt&hellip;<\/p>\n","category_list":"<a href=\"https:\/\/rad.asvi.at\/?cat=9\" rel=\"category\">Allgemein<\/a>, <a href=\"https:\/\/rad.asvi.at\/?cat=11\" rel=\"category\">Rennsport<\/a>","author_info":{"name":"Roman","url":"https:\/\/rad.asvi.at\/?author=2"},"comments_num":"0 comments","_links":{"self":[{"href":"https:\/\/rad.asvi.at\/index.php?rest_route=\/wp\/v2\/posts\/5611","targetHints":{"allow":["GET"]}}],"collection":[{"href":"https:\/\/rad.asvi.at\/index.php?rest_route=\/wp\/v2\/posts"}],"about":[{"href":"https:\/\/rad.asvi.at\/index.php?rest_route=\/wp\/v2\/types\/post"}],"author":[{"embeddable":true,"href":"https:\/\/rad.asvi.at\/index.php?rest_route=\/wp\/v2\/users\/2"}],"replies":[{"embeddable":true,"href":"https:\/\/rad.asvi.at\/index.php?rest_route=%2Fwp%2Fv2%2Fcomments&post=5611"}],"version-history":[{"count":0,"href":"https:\/\/rad.asvi.at\/index.php?rest_route=\/wp\/v2\/posts\/5611\/revisions"}],"wp:featuredmedia":[{"embeddable":true,"href":"https:\/\/rad.asvi.at\/index.php?rest_route=\/"}],"wp:attachment":[{"href":"https:\/\/rad.asvi.at\/index.php?rest_route=%2Fwp%2Fv2%2Fmedia&parent=5611"}],"wp:term":[{"taxonomy":"category","embeddable":true,"href":"https:\/\/rad.asvi.at\/index.php?rest_route=%2Fwp%2Fv2%2Fcategories&post=5611"},{"taxonomy":"post_tag","embeddable":true,"href":"https:\/\/rad.asvi.at\/index.php?rest_route=%2Fwp%2Fv2%2Ftags&post=5611"}],"curies":[{"name":"wp","href":"https:\/\/api.w.org\/{rel}","templated":true}]}}