{"id":5645,"date":"2015-09-06T22:02:52","date_gmt":"2015-09-06T20:02:52","guid":{"rendered":"http:\/\/www.radclub-inzing.at\/?p=5645"},"modified":"2015-09-06T22:02:52","modified_gmt":"2015-09-06T20:02:52","slug":"schwazer-radsporttage-05-06-09-2015","status":"publish","type":"post","link":"https:\/\/rad.asvi.at\/?p=5645","title":{"rendered":"Schwazer Radsporttage 05.-06.09.2015"},"content":{"rendered":"<p>Nachdem erst vor etwa einer Woche die TM im Einzelzeitfahren in St. Johann in Tirol f\u00fcr Inzings Radnachwuchs mit 2 Medaillen (Gold f\u00fcr Lukas Grie\u00dfer-U13 und Bronze f\u00fcr Pia Totschnig-Md) ziemlich erfogreich waren, ging es gleich an diesem WE in der Heimat wieder zur Sache.<br \/>\nAm Samstag fand das traditionelle Altstadtkriterium in Schwaz statt. 3 Inzinger Youngsters waren diesmal am Start und trotzten dem nasskalten Wetter. Am besten schlug sich dabei die J\u00fcngste Ramona Grie\u00dfer \u2013 sie siegte wie schon im letzten Jahr beim Kidsrace! Ihr Bruder Lukas Grie\u00dfer (U13) fuhr ebenfalls ein tolles Rennen und versuchte sein Gl\u00fcck mehrmals durch eine Soloflucht. Unmittelbar nach dem Urlaub am Meer fehlten ihm daf\u00fcr aber die entscheidenden K\u00f6rner. Lukas wurde trotzdem ausgezeichneter 3. Und holte sich bei der TM die Silbermedaille! Auch Elias Farbmacher (U17) stieg nach l\u00e4ngerer krankheitsbedingter Pause wieder ins Renngeschehen ein. Hier dr\u00fcckten vor allem die beiden Gamper-Zwillinge von Beginn an m\u00e4chtig auf die Tube, sodass sie das ganze Feld \u00fcberrundeten \u2013 womit bereits eine Vorentscheidung gefallen war, denn Rundengewinn geht vor Punktegewinn. Elias platzierte sich aber noch als hervorragender 6. des Klassements.<\/p>\n<p>Am Sonntag- ebenfalls bei sehr kaltem regnerischen Wetter (8-10 Grad)- standen zwei unserer Rennfahrer wieder in Schwaz am Start. Diesmal beim Stra\u00dfenrennen Rund um Schwaz. Lukas ( U13 ) musste eine Runde zu 18 km fahren. Leider kam er beim Kreisverkehr nach dem Start zu Sturz und er musste leicht angeschlagen die Verfolgung alleine aufnehmen. Tats\u00e4chlich gelang ihm der Anschluss ans Hauptfeld und er konnte in weiterer Folge gut mitthalten, bis zum Anstieg nach Terfens, wo er eine Gruppe von 3 Mann<br \/>\nziehen lassen musste. Auf den letzten 5km konnte er den R\u00fcckstand zur Spitzengruppe zwar fast noch schlie\u00dfen und kam als 4ter mit ca. 5 Sekunden R\u00fcckstand ins Ziel!<br \/>\nElias ( U17 ) hatte zwei Runden \u00fcber ca. 32 km zu fahren. Wieder waren es die zwei Gamper-Zwillinge die sich schon bald vom Feld l\u00f6sen konnten und ungef\u00e4hrdet den Sieg untereinander ausmachten! Elias fuhr auch an diesem Tag ein gutes Rennen und konnte es im Hauptfeld als 8. beenden.<\/p>\n<p><!-- google_ad_section_end --><\/p>\n","protected":false},"excerpt":{"rendered":"<p>Nachdem erst vor etwa einer Woche die TM im Einzelzeitfahren in St. Johann in Tirol f\u00fcr Inzings Radnachwuchs mit 2 Medaillen (Gold f\u00fcr Lukas Grie\u00dfer-U13 und Bronze f\u00fcr Pia Totschnig-Md) ziemlich erfogreich waren, ging es gleich an diesem WE in der Heimat wieder zur Sache. Am Samstag fand das traditionelle Altstadtkriterium in Schwaz statt. 3&hellip;&nbsp;<a href=\"https:\/\/rad.asvi.at\/?p=5645\" class=\"\" rel=\"bookmark\">Weiterlesen &raquo;<span class=\"screen-reader-text\">Schwazer Radsporttage 05.-06.09.2015<\/span><\/a><\/p>\n","protected":false},"author":2,"featured_media":5648,"comment_status":"open","ping_status":"closed","sticky":false,"template":"","format":"standard","meta":{"neve_meta_sidebar":"","neve_meta_container":"","neve_meta_enable_content_width":"","neve_meta_content_width":0,"neve_meta_title_alignment":"","neve_meta_author_avatar":"","neve_post_elements_order":"","neve_meta_disable_header":"","neve_meta_disable_footer":"","neve_meta_disable_title":"","footnotes":""},"categories":[9,11],"tags":[],"class_list":["post-5645","post","type-post","status-publish","format-standard","has-post-thumbnail","hentry","category-allgemein","category-rennsport"],"featured_image_urls":{"full":"","thumbnail":"","medium":"","medium_large":"","large":"","xl":"","xxl":"","xxxl":"","xxxxl":"","xxxxxl":"","1536x1536":"","2048x2048":"","neve-blog":""},"post_excerpt_stackable":"<p>Nachdem erst vor etwa einer Woche die TM im Einzelzeitfahren in St. Johann in Tirol f\u00fcr Inzings Radnachwuchs mit 2 Medaillen (Gold f\u00fcr Lukas Grie\u00dfer-U13 und Bronze f\u00fcr Pia Totschnig-Md) ziemlich erfogreich waren, ging es gleich an diesem WE in der Heimat wieder zur Sache. Am Samstag fand das traditionelle Altstadtkriterium in Schwaz statt. 3 Inzinger Youngsters waren diesmal am Start und trotzten dem nasskalten Wetter. Am besten schlug sich dabei die J\u00fcngste Ramona Grie\u00dfer \u2013 sie siegte wie schon im letzten Jahr beim Kidsrace! Ihr Bruder Lukas Grie\u00dfer (U13) fuhr ebenfalls ein tolles Rennen und versuchte sein Gl\u00fcck mehrmals&hellip;<\/p>\n","category_list":"<a href=\"https:\/\/rad.asvi.at\/?cat=9\" rel=\"category\">Allgemein<\/a>, <a href=\"https:\/\/rad.asvi.at\/?cat=11\" rel=\"category\">Rennsport<\/a>","author_info":{"name":"Roman","url":"https:\/\/rad.asvi.at\/?author=2"},"comments_num":"0 comments","_links":{"self":[{"href":"https:\/\/rad.asvi.at\/index.php?rest_route=\/wp\/v2\/posts\/5645","targetHints":{"allow":["GET"]}}],"collection":[{"href":"https:\/\/rad.asvi.at\/index.php?rest_route=\/wp\/v2\/posts"}],"about":[{"href":"https:\/\/rad.asvi.at\/index.php?rest_route=\/wp\/v2\/types\/post"}],"author":[{"embeddable":true,"href":"https:\/\/rad.asvi.at\/index.php?rest_route=\/wp\/v2\/users\/2"}],"replies":[{"embeddable":true,"href":"https:\/\/rad.asvi.at\/index.php?rest_route=%2Fwp%2Fv2%2Fcomments&post=5645"}],"version-history":[{"count":0,"href":"https:\/\/rad.asvi.at\/index.php?rest_route=\/wp\/v2\/posts\/5645\/revisions"}],"wp:featuredmedia":[{"embeddable":true,"href":"https:\/\/rad.asvi.at\/index.php?rest_route=\/"}],"wp:attachment":[{"href":"https:\/\/rad.asvi.at\/index.php?rest_route=%2Fwp%2Fv2%2Fmedia&parent=5645"}],"wp:term":[{"taxonomy":"category","embeddable":true,"href":"https:\/\/rad.asvi.at\/index.php?rest_route=%2Fwp%2Fv2%2Fcategories&post=5645"},{"taxonomy":"post_tag","embeddable":true,"href":"https:\/\/rad.asvi.at\/index.php?rest_route=%2Fwp%2Fv2%2Ftags&post=5645"}],"curies":[{"name":"wp","href":"https:\/\/api.w.org\/{rel}","templated":true}]}}