{"id":5682,"date":"2015-09-13T17:16:52","date_gmt":"2015-09-13T15:16:52","guid":{"rendered":"http:\/\/www.radclub-inzing.at\/?p=5682"},"modified":"2015-09-13T17:16:52","modified_gmt":"2015-09-13T15:16:52","slug":"29-vereinsmeisterschaft-2","status":"publish","type":"post","link":"https:\/\/rad.asvi.at\/?p=5682","title":{"rendered":"29. Vereinsmeisterschaft"},"content":{"rendered":"<p>Heute fand wieder bei sehr guten Bedingungen die 29. Vereinsmeisterschaft des ASV Inzing statt.<br \/>\nDie Stimmung\u00a0 war bestens, obwohl die Anzahl der Teilnehmer zu w\u00fcnschen \u00fcbrig lie\u00df.<br \/>\nDie Streckenf\u00fchrung\u00a0war\u00a0heuer :\u00a0 Inzing\u00a0&#8211; Unterperfuss\u00a0&#8211; Inzing.<\/p>\n<p>Vereinsmeisterin wurde Maria F\u00f6ger in der Zeit von 17:54<\/p>\n<p>Vereinsmeister &#8211; na wer schon ? &#8211; Florian Draxl in 13:08<\/p>\n<p>Offizielle Ergebnisliste: <a href=\"http:\/\/www.radclub-inzing.at\/?attachment_id=5691\" rel=\"attachment wp-att-5691\">Vereinsmeisterschaft 2015<\/a><\/p>\n<p>&nbsp;<\/p>\n<p>&nbsp;<\/p>\n","protected":false},"excerpt":{"rendered":"<p>Heute fand wieder bei sehr guten Bedingungen die 29. Vereinsmeisterschaft des ASV Inzing statt. Die Stimmung\u00a0 war bestens, obwohl die Anzahl der Teilnehmer zu w\u00fcnschen \u00fcbrig lie\u00df. Die Streckenf\u00fchrung\u00a0war\u00a0heuer :\u00a0 Inzing\u00a0&#8211; Unterperfuss\u00a0&#8211; Inzing. Vereinsmeisterin wurde Maria F\u00f6ger in der Zeit von 17:54 Vereinsmeister &#8211; na wer schon ? &#8211; Florian Draxl in 13:08 Offizielle Ergebnisliste:&hellip;&nbsp;<a href=\"https:\/\/rad.asvi.at\/?p=5682\" class=\"\" rel=\"bookmark\">Weiterlesen &raquo;<span class=\"screen-reader-text\">29. Vereinsmeisterschaft<\/span><\/a><\/p>\n","protected":false},"author":2,"featured_media":5676,"comment_status":"open","ping_status":"closed","sticky":false,"template":"","format":"standard","meta":{"neve_meta_sidebar":"","neve_meta_container":"","neve_meta_enable_content_width":"","neve_meta_content_width":0,"neve_meta_title_alignment":"","neve_meta_author_avatar":"","neve_post_elements_order":"","neve_meta_disable_header":"","neve_meta_disable_footer":"","neve_meta_disable_title":"","footnotes":""},"categories":[9,10,11],"tags":[],"class_list":["post-5682","post","type-post","status-publish","format-standard","has-post-thumbnail","hentry","category-allgemein","category-hobbysport","category-rennsport"],"featured_image_urls":{"full":"","thumbnail":"","medium":"","medium_large":"","large":"","xl":"","xxl":"","xxxl":"","xxxxl":"","xxxxxl":"","1536x1536":"","2048x2048":"","neve-blog":""},"post_excerpt_stackable":"<p>Heute fand wieder bei sehr guten Bedingungen die 29. Vereinsmeisterschaft des ASV Inzing statt. Die Stimmung\u00a0 war bestens, obwohl die Anzahl der Teilnehmer zu w\u00fcnschen \u00fcbrig lie\u00df. Die Streckenf\u00fchrung\u00a0war\u00a0heuer :\u00a0 Inzing\u00a0&#8211; Unterperfuss\u00a0&#8211; Inzing. Vereinsmeisterin wurde Maria F\u00f6ger in der Zeit von 17:54 Vereinsmeister &#8211; na wer schon ? &#8211; Florian Draxl in 13:08 Offizielle Ergebnisliste: Vereinsmeisterschaft 2015 &nbsp; &nbsp;<\/p>\n","category_list":"<a href=\"https:\/\/rad.asvi.at\/?cat=9\" rel=\"category\">Allgemein<\/a>, <a href=\"https:\/\/rad.asvi.at\/?cat=10\" rel=\"category\">Hobbysport<\/a>, <a href=\"https:\/\/rad.asvi.at\/?cat=11\" rel=\"category\">Rennsport<\/a>","author_info":{"name":"Roman","url":"https:\/\/rad.asvi.at\/?author=2"},"comments_num":"0 comments","_links":{"self":[{"href":"https:\/\/rad.asvi.at\/index.php?rest_route=\/wp\/v2\/posts\/5682","targetHints":{"allow":["GET"]}}],"collection":[{"href":"https:\/\/rad.asvi.at\/index.php?rest_route=\/wp\/v2\/posts"}],"about":[{"href":"https:\/\/rad.asvi.at\/index.php?rest_route=\/wp\/v2\/types\/post"}],"author":[{"embeddable":true,"href":"https:\/\/rad.asvi.at\/index.php?rest_route=\/wp\/v2\/users\/2"}],"replies":[{"embeddable":true,"href":"https:\/\/rad.asvi.at\/index.php?rest_route=%2Fwp%2Fv2%2Fcomments&post=5682"}],"version-history":[{"count":0,"href":"https:\/\/rad.asvi.at\/index.php?rest_route=\/wp\/v2\/posts\/5682\/revisions"}],"wp:featuredmedia":[{"embeddable":true,"href":"https:\/\/rad.asvi.at\/index.php?rest_route=\/"}],"wp:attachment":[{"href":"https:\/\/rad.asvi.at\/index.php?rest_route=%2Fwp%2Fv2%2Fmedia&parent=5682"}],"wp:term":[{"taxonomy":"category","embeddable":true,"href":"https:\/\/rad.asvi.at\/index.php?rest_route=%2Fwp%2Fv2%2Fcategories&post=5682"},{"taxonomy":"post_tag","embeddable":true,"href":"https:\/\/rad.asvi.at\/index.php?rest_route=%2Fwp%2Fv2%2Ftags&post=5682"}],"curies":[{"name":"wp","href":"https:\/\/api.w.org\/{rel}","templated":true}]}}