{"id":5695,"date":"2015-09-19T23:34:18","date_gmt":"2015-09-19T21:34:18","guid":{"rendered":"http:\/\/www.radclub-inzing.at\/?p=5695"},"modified":"2015-09-19T23:34:18","modified_gmt":"2015-09-19T21:34:18","slug":"osterreichische-meisterschaft-berg-und-kriterium","status":"publish","type":"post","link":"https:\/\/rad.asvi.at\/?p=5695","title":{"rendered":"\u00d6sterreichische Meisterschaft Berg und Kriterium"},"content":{"rendered":"<p>Die Stra\u00dfen Saison ist letzte Woche in der Steiermark mit\u00a0der \u00d6M Berg und\u00a0Kriterium zu Ende gegangen. Am Start f\u00fcr Inzing Elias Farbmacher (U17) und Lukas Grie\u00dfer (U13), wobei bei\u00a0den U13 nur das Kriterium ausgetragen wurde und dieses auch\u00a0keine \u00d6M war.\u00a0Bei Elias war leider bei beiden Rennen der noch nicht ganz\u00a0\u00fcberstandene Infekt der Grund f\u00fcr &#8222;leere&#8220; Beine und so kommt jetzt die\u00a0Rennpause f\u00fcr ihn gerade richtig. F\u00fcr Lukas verlief das Rennen zun\u00e4chst ziemlich vielversprechend ,\u00a0da er bis zur vierten und letzten Wertungsrunde nur einen Punkt hinter Alexander Hajek (RLW ) lag und so das Rennen noch v\u00f6llig offen war. Leider\u00a0ging er aber\u00a0beim letzten Wertungssprint &#8222;leer&#8220; aus, wodurch er sogar noch auf den\u00a04. Platz zur\u00fcckviel.\u00a0\u00a0Da war er nat\u00fcrlich nich ganz zufrieden &#8211; aber er hat ja heuer bereits so viel gewonnen!<\/p>\n","protected":false},"excerpt":{"rendered":"<p>Die Stra\u00dfen Saison ist letzte Woche in der Steiermark mit\u00a0der \u00d6M Berg und\u00a0Kriterium zu Ende gegangen. Am Start f\u00fcr Inzing Elias Farbmacher (U17) und Lukas Grie\u00dfer (U13), wobei bei\u00a0den U13 nur das Kriterium ausgetragen wurde und dieses auch\u00a0keine \u00d6M war.\u00a0Bei Elias war leider bei beiden Rennen der noch nicht ganz\u00a0\u00fcberstandene Infekt der Grund f\u00fcr &#8222;leere&#8220;&hellip;&nbsp;<a href=\"https:\/\/rad.asvi.at\/?p=5695\" class=\"\" rel=\"bookmark\">Weiterlesen &raquo;<span class=\"screen-reader-text\">\u00d6sterreichische Meisterschaft Berg und Kriterium<\/span><\/a><\/p>\n","protected":false},"author":2,"featured_media":5709,"comment_status":"open","ping_status":"closed","sticky":false,"template":"","format":"standard","meta":{"neve_meta_sidebar":"","neve_meta_container":"","neve_meta_enable_content_width":"","neve_meta_content_width":0,"neve_meta_title_alignment":"","neve_meta_author_avatar":"","neve_post_elements_order":"","neve_meta_disable_header":"","neve_meta_disable_footer":"","neve_meta_disable_title":"","footnotes":""},"categories":[9,11],"tags":[],"class_list":["post-5695","post","type-post","status-publish","format-standard","has-post-thumbnail","hentry","category-allgemein","category-rennsport"],"featured_image_urls":{"full":"","thumbnail":"","medium":"","medium_large":"","large":"","xl":"","xxl":"","xxxl":"","xxxxl":"","xxxxxl":"","1536x1536":"","2048x2048":"","neve-blog":""},"post_excerpt_stackable":"<p>Die Stra\u00dfen Saison ist letzte Woche in der Steiermark mit\u00a0der \u00d6M Berg und\u00a0Kriterium zu Ende gegangen. Am Start f\u00fcr Inzing Elias Farbmacher (U17) und Lukas Grie\u00dfer (U13), wobei bei\u00a0den U13 nur das Kriterium ausgetragen wurde und dieses auch\u00a0keine \u00d6M war.\u00a0Bei Elias war leider bei beiden Rennen der noch nicht ganz\u00a0\u00fcberstandene Infekt der Grund f\u00fcr &#8222;leere&#8220; Beine und so kommt jetzt die\u00a0Rennpause f\u00fcr ihn gerade richtig. F\u00fcr Lukas verlief das Rennen zun\u00e4chst ziemlich vielversprechend ,\u00a0da er bis zur vierten und letzten Wertungsrunde nur einen Punkt hinter Alexander Hajek (RLW ) lag und so das Rennen noch v\u00f6llig offen war. Leider\u00a0ging er&hellip;<\/p>\n","category_list":"<a href=\"https:\/\/rad.asvi.at\/?cat=9\" rel=\"category\">Allgemein<\/a>, <a href=\"https:\/\/rad.asvi.at\/?cat=11\" rel=\"category\">Rennsport<\/a>","author_info":{"name":"Roman","url":"https:\/\/rad.asvi.at\/?author=2"},"comments_num":"0 comments","_links":{"self":[{"href":"https:\/\/rad.asvi.at\/index.php?rest_route=\/wp\/v2\/posts\/5695","targetHints":{"allow":["GET"]}}],"collection":[{"href":"https:\/\/rad.asvi.at\/index.php?rest_route=\/wp\/v2\/posts"}],"about":[{"href":"https:\/\/rad.asvi.at\/index.php?rest_route=\/wp\/v2\/types\/post"}],"author":[{"embeddable":true,"href":"https:\/\/rad.asvi.at\/index.php?rest_route=\/wp\/v2\/users\/2"}],"replies":[{"embeddable":true,"href":"https:\/\/rad.asvi.at\/index.php?rest_route=%2Fwp%2Fv2%2Fcomments&post=5695"}],"version-history":[{"count":0,"href":"https:\/\/rad.asvi.at\/index.php?rest_route=\/wp\/v2\/posts\/5695\/revisions"}],"wp:featuredmedia":[{"embeddable":true,"href":"https:\/\/rad.asvi.at\/index.php?rest_route=\/"}],"wp:attachment":[{"href":"https:\/\/rad.asvi.at\/index.php?rest_route=%2Fwp%2Fv2%2Fmedia&parent=5695"}],"wp:term":[{"taxonomy":"category","embeddable":true,"href":"https:\/\/rad.asvi.at\/index.php?rest_route=%2Fwp%2Fv2%2Fcategories&post=5695"},{"taxonomy":"post_tag","embeddable":true,"href":"https:\/\/rad.asvi.at\/index.php?rest_route=%2Fwp%2Fv2%2Ftags&post=5695"}],"curies":[{"name":"wp","href":"https:\/\/api.w.org\/{rel}","templated":true}]}}