{"id":5717,"date":"2015-09-30T19:25:05","date_gmt":"2015-09-30T17:25:05","guid":{"rendered":"http:\/\/www.radclub-inzing.at\/?p=5717"},"modified":"2015-09-30T19:25:05","modified_gmt":"2015-09-30T17:25:05","slug":"biketour-gaistal-leutasch-seebenseealm","status":"publish","type":"post","link":"https:\/\/rad.asvi.at\/?p=5717","title":{"rendered":"Biketour Gaistal Leutasch &#8211; Seebenseealm"},"content":{"rendered":"<p>Bei eher k\u00fchlen Temperaturen (14\u00b0) und bew\u00f6lkten Himmel\u00a0starteten &#8211; \u00a0man h\u00f6re und staune &#8211;<br \/>\n17 Biker ! die\u00a0Radtour Richtung Gaistal. Sechs Teilnehmer von Inzing und der Rest vom Parkplatz<br \/>\nin der Leutasch. Bei der Seebenseealm angekommen wurde als erstes\u00a0ein warmes Getr\u00e4nk (Rum mit Tee)<br \/>\ngetrunken. Bei einem gem\u00fctlichen Essen und Beisammensein wurde flei\u00dfig \u00fcber dies und\u00a0jenes gesprochen.<br \/>\nAuch wurde erfreut festgestellt, dass aufgrund der Teilnahme von Romana und Lukas Grieser das<br \/>\nDurchschnittsalter auf unter ?? gedr\u00fcckt wurde!<\/p>\n","protected":false},"excerpt":{"rendered":"<p>Bei eher k\u00fchlen Temperaturen (14\u00b0) und bew\u00f6lkten Himmel\u00a0starteten &#8211; \u00a0man h\u00f6re und staune &#8211; 17 Biker ! die\u00a0Radtour Richtung Gaistal. Sechs Teilnehmer von Inzing und der Rest vom Parkplatz in der Leutasch. Bei der Seebenseealm angekommen wurde als erstes\u00a0ein warmes Getr\u00e4nk (Rum mit Tee) getrunken. Bei einem gem\u00fctlichen Essen und Beisammensein wurde flei\u00dfig \u00fcber dies&hellip;&nbsp;<a href=\"https:\/\/rad.asvi.at\/?p=5717\" class=\"\" rel=\"bookmark\">Weiterlesen &raquo;<span class=\"screen-reader-text\">Biketour Gaistal Leutasch &#8211; Seebenseealm<\/span><\/a><\/p>\n","protected":false},"author":2,"featured_media":5733,"comment_status":"open","ping_status":"closed","sticky":false,"template":"","format":"standard","meta":{"neve_meta_sidebar":"","neve_meta_container":"","neve_meta_enable_content_width":"","neve_meta_content_width":0,"neve_meta_title_alignment":"","neve_meta_author_avatar":"","neve_post_elements_order":"","neve_meta_disable_header":"","neve_meta_disable_footer":"","neve_meta_disable_title":"","footnotes":""},"categories":[9,10],"tags":[],"class_list":["post-5717","post","type-post","status-publish","format-standard","has-post-thumbnail","hentry","category-allgemein","category-hobbysport"],"featured_image_urls":{"full":"","thumbnail":"","medium":"","medium_large":"","large":"","xl":"","xxl":"","xxxl":"","xxxxl":"","xxxxxl":"","1536x1536":"","2048x2048":"","neve-blog":""},"post_excerpt_stackable":"<p>Bei eher k\u00fchlen Temperaturen (14\u00b0) und bew\u00f6lkten Himmel\u00a0starteten &#8211; \u00a0man h\u00f6re und staune &#8211; 17 Biker ! die\u00a0Radtour Richtung Gaistal. Sechs Teilnehmer von Inzing und der Rest vom Parkplatz in der Leutasch. Bei der Seebenseealm angekommen wurde als erstes\u00a0ein warmes Getr\u00e4nk (Rum mit Tee) getrunken. Bei einem gem\u00fctlichen Essen und Beisammensein wurde flei\u00dfig \u00fcber dies und\u00a0jenes gesprochen. Auch wurde erfreut festgestellt, dass aufgrund der Teilnahme von Romana und Lukas Grieser das Durchschnittsalter auf unter ?? gedr\u00fcckt wurde!<\/p>\n","category_list":"<a href=\"https:\/\/rad.asvi.at\/?cat=9\" rel=\"category\">Allgemein<\/a>, <a href=\"https:\/\/rad.asvi.at\/?cat=10\" rel=\"category\">Hobbysport<\/a>","author_info":{"name":"Roman","url":"https:\/\/rad.asvi.at\/?author=2"},"comments_num":"0 comments","_links":{"self":[{"href":"https:\/\/rad.asvi.at\/index.php?rest_route=\/wp\/v2\/posts\/5717","targetHints":{"allow":["GET"]}}],"collection":[{"href":"https:\/\/rad.asvi.at\/index.php?rest_route=\/wp\/v2\/posts"}],"about":[{"href":"https:\/\/rad.asvi.at\/index.php?rest_route=\/wp\/v2\/types\/post"}],"author":[{"embeddable":true,"href":"https:\/\/rad.asvi.at\/index.php?rest_route=\/wp\/v2\/users\/2"}],"replies":[{"embeddable":true,"href":"https:\/\/rad.asvi.at\/index.php?rest_route=%2Fwp%2Fv2%2Fcomments&post=5717"}],"version-history":[{"count":0,"href":"https:\/\/rad.asvi.at\/index.php?rest_route=\/wp\/v2\/posts\/5717\/revisions"}],"wp:featuredmedia":[{"embeddable":true,"href":"https:\/\/rad.asvi.at\/index.php?rest_route=\/"}],"wp:attachment":[{"href":"https:\/\/rad.asvi.at\/index.php?rest_route=%2Fwp%2Fv2%2Fmedia&parent=5717"}],"wp:term":[{"taxonomy":"category","embeddable":true,"href":"https:\/\/rad.asvi.at\/index.php?rest_route=%2Fwp%2Fv2%2Fcategories&post=5717"},{"taxonomy":"post_tag","embeddable":true,"href":"https:\/\/rad.asvi.at\/index.php?rest_route=%2Fwp%2Fv2%2Ftags&post=5717"}],"curies":[{"name":"wp","href":"https:\/\/api.w.org\/{rel}","templated":true}]}}