{"id":5775,"date":"2015-12-13T21:04:18","date_gmt":"2015-12-13T20:04:18","guid":{"rendered":"http:\/\/www.radclub-inzing.at\/?p=5775"},"modified":"2015-12-13T21:04:18","modified_gmt":"2015-12-13T20:04:18","slug":"24-stunden-mararthon-benefiz-fur-leoni-gstrein","status":"publish","type":"post","link":"https:\/\/rad.asvi.at\/?p=5775","title":{"rendered":"24 Stunden Marathon Benefiz f\u00fcr Leoni Gstrein"},"content":{"rendered":"<p>Auch heuer wieder organisierte Peter perfekt die Teilnahme bzw. auch die Sponsoren f\u00fcr unsere zwei R\u00e4der.<br \/>\nAlle Teilnehmer waren wieder von dieser Veranstaltung begeistert. Ich glaube jeder war gl\u00fccklich an diesem Tag<br \/>\netwas Gutes beitragen zu d\u00fcrfen und ein Teil\u00a0dieser Veranstaltung zu sein !<br \/>\nDer Zusammenhalt zwischen den Radlern wurde wieder eindrucksvoll bewiesen.<\/p>\n<p>Also bis zum n\u00e4chsten Jahr !!<\/p>\n","protected":false},"excerpt":{"rendered":"<p>Auch heuer wieder organisierte Peter perfekt die Teilnahme bzw. auch die Sponsoren f\u00fcr unsere zwei R\u00e4der. Alle Teilnehmer waren wieder von dieser Veranstaltung begeistert. Ich glaube jeder war gl\u00fccklich an diesem Tag etwas Gutes beitragen zu d\u00fcrfen und ein Teil\u00a0dieser Veranstaltung zu sein ! Der Zusammenhalt zwischen den Radlern wurde wieder eindrucksvoll bewiesen. Also bis&hellip;&nbsp;<a href=\"https:\/\/rad.asvi.at\/?p=5775\" class=\"\" rel=\"bookmark\">Weiterlesen &raquo;<span class=\"screen-reader-text\">24 Stunden Marathon Benefiz f\u00fcr Leoni Gstrein<\/span><\/a><\/p>\n","protected":false},"author":2,"featured_media":5772,"comment_status":"open","ping_status":"closed","sticky":false,"template":"","format":"standard","meta":{"neve_meta_sidebar":"","neve_meta_container":"","neve_meta_enable_content_width":"","neve_meta_content_width":0,"neve_meta_title_alignment":"","neve_meta_author_avatar":"","neve_post_elements_order":"","neve_meta_disable_header":"","neve_meta_disable_footer":"","neve_meta_disable_title":"","footnotes":""},"categories":[9,10],"tags":[],"class_list":["post-5775","post","type-post","status-publish","format-standard","has-post-thumbnail","hentry","category-allgemein","category-hobbysport"],"featured_image_urls":{"full":"","thumbnail":"","medium":"","medium_large":"","large":"","xl":"","xxl":"","xxxl":"","xxxxl":"","xxxxxl":"","1536x1536":"","2048x2048":"","neve-blog":""},"post_excerpt_stackable":"<p>Auch heuer wieder organisierte Peter perfekt die Teilnahme bzw. auch die Sponsoren f\u00fcr unsere zwei R\u00e4der. Alle Teilnehmer waren wieder von dieser Veranstaltung begeistert. Ich glaube jeder war gl\u00fccklich an diesem Tag etwas Gutes beitragen zu d\u00fcrfen und ein Teil\u00a0dieser Veranstaltung zu sein ! Der Zusammenhalt zwischen den Radlern wurde wieder eindrucksvoll bewiesen. Also bis zum n\u00e4chsten Jahr !!<\/p>\n","category_list":"<a href=\"https:\/\/rad.asvi.at\/?cat=9\" rel=\"category\">Allgemein<\/a>, <a href=\"https:\/\/rad.asvi.at\/?cat=10\" rel=\"category\">Hobbysport<\/a>","author_info":{"name":"Roman","url":"https:\/\/rad.asvi.at\/?author=2"},"comments_num":"0 comments","_links":{"self":[{"href":"https:\/\/rad.asvi.at\/index.php?rest_route=\/wp\/v2\/posts\/5775","targetHints":{"allow":["GET"]}}],"collection":[{"href":"https:\/\/rad.asvi.at\/index.php?rest_route=\/wp\/v2\/posts"}],"about":[{"href":"https:\/\/rad.asvi.at\/index.php?rest_route=\/wp\/v2\/types\/post"}],"author":[{"embeddable":true,"href":"https:\/\/rad.asvi.at\/index.php?rest_route=\/wp\/v2\/users\/2"}],"replies":[{"embeddable":true,"href":"https:\/\/rad.asvi.at\/index.php?rest_route=%2Fwp%2Fv2%2Fcomments&post=5775"}],"version-history":[{"count":0,"href":"https:\/\/rad.asvi.at\/index.php?rest_route=\/wp\/v2\/posts\/5775\/revisions"}],"wp:featuredmedia":[{"embeddable":true,"href":"https:\/\/rad.asvi.at\/index.php?rest_route=\/"}],"wp:attachment":[{"href":"https:\/\/rad.asvi.at\/index.php?rest_route=%2Fwp%2Fv2%2Fmedia&parent=5775"}],"wp:term":[{"taxonomy":"category","embeddable":true,"href":"https:\/\/rad.asvi.at\/index.php?rest_route=%2Fwp%2Fv2%2Fcategories&post=5775"},{"taxonomy":"post_tag","embeddable":true,"href":"https:\/\/rad.asvi.at\/index.php?rest_route=%2Fwp%2Fv2%2Ftags&post=5775"}],"curies":[{"name":"wp","href":"https:\/\/api.w.org\/{rel}","templated":true}]}}