{"id":6052,"date":"2016-05-26T23:05:40","date_gmt":"2016-05-26T21:05:40","guid":{"rendered":"http:\/\/www.radclub-inzing.at\/?p=6052"},"modified":"2016-05-26T23:05:40","modified_gmt":"2016-05-26T21:05:40","slug":"grafenbacher-radsporttage-22-23-05-2016","status":"publish","type":"post","link":"https:\/\/rad.asvi.at\/?p=6052","title":{"rendered":"Grafenbacher Radsporttage 22.-23.05. 2016"},"content":{"rendered":"<p>Gleich drei Rennen standen heuer bei den Grafenbacher Radsporttagen in N\u00d6 auf dem Programm. Am Samstag VM fand als Prolog ein Bergzeitfahren \u00fcber 1km statt. <em><strong>Lukas Grie\u00dfer (U15)<\/strong><\/em> \u2013als 4. und <em><strong>Elias Farbmacher (Jun)<\/strong><\/em> \u2013als 10. schlugen sich gegen die Uhr beim Auftakt gleich schon einmal sehr gut. Samstag NM dann ein Kriterium \u00fcber 16km (U15) bzw. 32 km (Jun). Lukas gelang es bei 2 Wertungen Punkte zu sammeln und schaffte als 3. seinen ersten Stockerlplatz in dieser Saison! Die Junioren starteten gemeinsam mit den Amateuren und den Masters I \u2013 bei den Sprintwertungen zu punkten war also mehr als schwierig \u2013 wenn man bedenkt, dass \u201eKaliber\u201c wie Peter Pichler (mehrfacher ehem. \u00d6M Kriterium Elite!) am Start waren. Es galt also einfach das Rennen zu Ende zu fahren und am Schluss eine gute Platzierung zu haben und die hatte Elias als 12. bei den Junioren. Kr\u00f6nender Abschluss war am Sonntag VM dann das Stra\u00dfenrennen, das auf dem traditionellen Rundkurs (\u00d6M-erprobt!) rund um Grafenbach (Oberdanegg) ausgetragen wurde. Auch hier konnten sich die beiden Akteure vom <strong>\u00d6AMTC RAIKA BKD ASV INZING<\/strong> wieder gut in Scene setzen. Lukas Grie\u00dfer belegte in einem packenden Zielsprint wieder den ausgezeichneten 4. Platz und Elias Farbmacher fuhr als 8. das erste Mal in die Preisr\u00e4nge! Alle Rennen wurden in einer Omniumswertung f\u00fcr den \u00d6RV-Nachwuchs-Cup gez\u00e4hlt (au\u00dfer bei den Junioren) und bedeuteten ordentlichen Punktezuwachs f\u00fcr Lukas Grie\u00dfer, der in der Cupwertung nun bereits auf dem hervorragenden 3. Rang liegt und weitaus bester Erstj\u00e4hriger bei den U-15 ist!<\/p>\n","protected":false},"excerpt":{"rendered":"<p>Gleich drei Rennen standen heuer bei den Grafenbacher Radsporttagen in N\u00d6 auf dem Programm. Am Samstag VM fand als Prolog ein Bergzeitfahren \u00fcber 1km statt. Lukas Grie\u00dfer (U15) \u2013als 4. und Elias Farbmacher (Jun) \u2013als 10. schlugen sich gegen die Uhr beim Auftakt gleich schon einmal sehr gut. Samstag NM dann ein Kriterium \u00fcber 16km&hellip;&nbsp;<a href=\"https:\/\/rad.asvi.at\/?p=6052\" class=\"\" rel=\"bookmark\">Weiterlesen &raquo;<span class=\"screen-reader-text\">Grafenbacher Radsporttage 22.-23.05. 2016<\/span><\/a><\/p>\n","protected":false},"author":2,"featured_media":6068,"comment_status":"open","ping_status":"closed","sticky":false,"template":"","format":"standard","meta":{"neve_meta_sidebar":"","neve_meta_container":"","neve_meta_enable_content_width":"","neve_meta_content_width":0,"neve_meta_title_alignment":"","neve_meta_author_avatar":"","neve_post_elements_order":"","neve_meta_disable_header":"","neve_meta_disable_footer":"","neve_meta_disable_title":"","footnotes":""},"categories":[9,11],"tags":[],"class_list":["post-6052","post","type-post","status-publish","format-standard","has-post-thumbnail","hentry","category-allgemein","category-rennsport"],"featured_image_urls":{"full":"","thumbnail":"","medium":"","medium_large":"","large":"","xl":"","xxl":"","xxxl":"","xxxxl":"","xxxxxl":"","1536x1536":"","2048x2048":"","neve-blog":""},"post_excerpt_stackable":"<p>Gleich drei Rennen standen heuer bei den Grafenbacher Radsporttagen in N\u00d6 auf dem Programm. Am Samstag VM fand als Prolog ein Bergzeitfahren \u00fcber 1km statt. Lukas Grie\u00dfer (U15) \u2013als 4. und Elias Farbmacher (Jun) \u2013als 10. schlugen sich gegen die Uhr beim Auftakt gleich schon einmal sehr gut. Samstag NM dann ein Kriterium \u00fcber 16km (U15) bzw. 32 km (Jun). Lukas gelang es bei 2 Wertungen Punkte zu sammeln und schaffte als 3. seinen ersten Stockerlplatz in dieser Saison! Die Junioren starteten gemeinsam mit den Amateuren und den Masters I \u2013 bei den Sprintwertungen zu punkten war also mehr als&hellip;<\/p>\n","category_list":"<a href=\"https:\/\/rad.asvi.at\/?cat=9\" rel=\"category\">Allgemein<\/a>, <a href=\"https:\/\/rad.asvi.at\/?cat=11\" rel=\"category\">Rennsport<\/a>","author_info":{"name":"Roman","url":"https:\/\/rad.asvi.at\/?author=2"},"comments_num":"0 comments","_links":{"self":[{"href":"https:\/\/rad.asvi.at\/index.php?rest_route=\/wp\/v2\/posts\/6052","targetHints":{"allow":["GET"]}}],"collection":[{"href":"https:\/\/rad.asvi.at\/index.php?rest_route=\/wp\/v2\/posts"}],"about":[{"href":"https:\/\/rad.asvi.at\/index.php?rest_route=\/wp\/v2\/types\/post"}],"author":[{"embeddable":true,"href":"https:\/\/rad.asvi.at\/index.php?rest_route=\/wp\/v2\/users\/2"}],"replies":[{"embeddable":true,"href":"https:\/\/rad.asvi.at\/index.php?rest_route=%2Fwp%2Fv2%2Fcomments&post=6052"}],"version-history":[{"count":0,"href":"https:\/\/rad.asvi.at\/index.php?rest_route=\/wp\/v2\/posts\/6052\/revisions"}],"wp:featuredmedia":[{"embeddable":true,"href":"https:\/\/rad.asvi.at\/index.php?rest_route=\/"}],"wp:attachment":[{"href":"https:\/\/rad.asvi.at\/index.php?rest_route=%2Fwp%2Fv2%2Fmedia&parent=6052"}],"wp:term":[{"taxonomy":"category","embeddable":true,"href":"https:\/\/rad.asvi.at\/index.php?rest_route=%2Fwp%2Fv2%2Fcategories&post=6052"},{"taxonomy":"post_tag","embeddable":true,"href":"https:\/\/rad.asvi.at\/index.php?rest_route=%2Fwp%2Fv2%2Ftags&post=6052"}],"curies":[{"name":"wp","href":"https:\/\/api.w.org\/{rel}","templated":true}]}}