{"id":6072,"date":"2016-05-26T23:12:43","date_gmt":"2016-05-26T21:12:43","guid":{"rendered":"http:\/\/www.radclub-inzing.at\/?p=6072"},"modified":"2016-05-26T23:12:43","modified_gmt":"2016-05-26T21:12:43","slug":"kinderrennen-krit-worgl25-05-2016","status":"publish","type":"post","link":"https:\/\/rad.asvi.at\/?p=6072","title":{"rendered":"Kinderrennen &#8211; Krit. W\u00f6rgl\/25.05.2016"},"content":{"rendered":"<p>Im Rahmen des 9. Internationalen Kriterium von W\u00f6rgl ging <em><strong>Ramona Grie\u00dfer<\/strong><\/em> beim \u201cJedermann\u201d Rennen an den Start!<\/p>\n<p>Sie durfte dank G\u00fcnter Feuchtners Hilfe trotz ihrer erst jungen 9 Jahren\u00a0 bei den 13-15 ( Sch\u00fcler 1\/2 ) Jahre alten Kindern mitradeln.<\/p>\n<p>Beim Rennen \u00fcber drei Runden konnte Ramona sich zwischen den ca. 25 Kindern recht gut behaupten und kam bei den<\/p>\n<p>bis 13 j\u00e4hrigen M\u00e4dchen auf <strong>Rang 2<\/strong>!!!<\/p>\n<p>&nbsp;<\/p>\n","protected":false},"excerpt":{"rendered":"<p>Im Rahmen des 9. Internationalen Kriterium von W\u00f6rgl ging Ramona Grie\u00dfer beim \u201cJedermann\u201d Rennen an den Start! Sie durfte dank G\u00fcnter Feuchtners Hilfe trotz ihrer erst jungen 9 Jahren\u00a0 bei den 13-15 ( Sch\u00fcler 1\/2 ) Jahre alten Kindern mitradeln. Beim Rennen \u00fcber drei Runden konnte Ramona sich zwischen den ca. 25 Kindern recht gut&hellip;&nbsp;<a href=\"https:\/\/rad.asvi.at\/?p=6072\" class=\"\" rel=\"bookmark\">Weiterlesen &raquo;<span class=\"screen-reader-text\">Kinderrennen &#8211; Krit. W\u00f6rgl\/25.05.2016<\/span><\/a><\/p>\n","protected":false},"author":2,"featured_media":6073,"comment_status":"open","ping_status":"closed","sticky":false,"template":"","format":"standard","meta":{"neve_meta_sidebar":"","neve_meta_container":"","neve_meta_enable_content_width":"","neve_meta_content_width":0,"neve_meta_title_alignment":"","neve_meta_author_avatar":"","neve_post_elements_order":"","neve_meta_disable_header":"","neve_meta_disable_footer":"","neve_meta_disable_title":"","footnotes":""},"categories":[9,11],"tags":[],"class_list":["post-6072","post","type-post","status-publish","format-standard","has-post-thumbnail","hentry","category-allgemein","category-rennsport"],"featured_image_urls":{"full":"","thumbnail":"","medium":"","medium_large":"","large":"","xl":"","xxl":"","xxxl":"","xxxxl":"","xxxxxl":"","1536x1536":"","2048x2048":"","neve-blog":""},"post_excerpt_stackable":"<p>Im Rahmen des 9. Internationalen Kriterium von W\u00f6rgl ging Ramona Grie\u00dfer beim \u201cJedermann\u201d Rennen an den Start! Sie durfte dank G\u00fcnter Feuchtners Hilfe trotz ihrer erst jungen 9 Jahren\u00a0 bei den 13-15 ( Sch\u00fcler 1\/2 ) Jahre alten Kindern mitradeln. Beim Rennen \u00fcber drei Runden konnte Ramona sich zwischen den ca. 25 Kindern recht gut behaupten und kam bei den bis 13 j\u00e4hrigen M\u00e4dchen auf Rang 2!!! &nbsp;<\/p>\n","category_list":"<a href=\"https:\/\/rad.asvi.at\/?cat=9\" rel=\"category\">Allgemein<\/a>, <a href=\"https:\/\/rad.asvi.at\/?cat=11\" rel=\"category\">Rennsport<\/a>","author_info":{"name":"Roman","url":"https:\/\/rad.asvi.at\/?author=2"},"comments_num":"0 comments","_links":{"self":[{"href":"https:\/\/rad.asvi.at\/index.php?rest_route=\/wp\/v2\/posts\/6072","targetHints":{"allow":["GET"]}}],"collection":[{"href":"https:\/\/rad.asvi.at\/index.php?rest_route=\/wp\/v2\/posts"}],"about":[{"href":"https:\/\/rad.asvi.at\/index.php?rest_route=\/wp\/v2\/types\/post"}],"author":[{"embeddable":true,"href":"https:\/\/rad.asvi.at\/index.php?rest_route=\/wp\/v2\/users\/2"}],"replies":[{"embeddable":true,"href":"https:\/\/rad.asvi.at\/index.php?rest_route=%2Fwp%2Fv2%2Fcomments&post=6072"}],"version-history":[{"count":0,"href":"https:\/\/rad.asvi.at\/index.php?rest_route=\/wp\/v2\/posts\/6072\/revisions"}],"wp:featuredmedia":[{"embeddable":true,"href":"https:\/\/rad.asvi.at\/index.php?rest_route=\/"}],"wp:attachment":[{"href":"https:\/\/rad.asvi.at\/index.php?rest_route=%2Fwp%2Fv2%2Fmedia&parent=6072"}],"wp:term":[{"taxonomy":"category","embeddable":true,"href":"https:\/\/rad.asvi.at\/index.php?rest_route=%2Fwp%2Fv2%2Fcategories&post=6072"},{"taxonomy":"post_tag","embeddable":true,"href":"https:\/\/rad.asvi.at\/index.php?rest_route=%2Fwp%2Fv2%2Ftags&post=6072"}],"curies":[{"name":"wp","href":"https:\/\/api.w.org\/{rel}","templated":true}]}}