{"id":6081,"date":"2016-06-05T21:13:55","date_gmt":"2016-06-05T19:13:55","guid":{"rendered":"http:\/\/www.radclub-inzing.at\/?p=6081"},"modified":"2016-06-05T21:13:55","modified_gmt":"2016-06-05T19:13:55","slug":"lukas-grieser-nach-schwerem-trainingssturz-6-in-karnten","status":"publish","type":"post","link":"https:\/\/rad.asvi.at\/?p=6081","title":{"rendered":"Lukas Grie\u00dfer nach schwerem Trainingssturz 6. in K\u00e4rnten"},"content":{"rendered":"<p><strong><span style=\"text-decoration: underline;\">Grand Prix S\u00fcdk\u00e4rnten ( Adria-Cup )\/Sonntag 06.06.2016<\/span><\/strong><\/p>\n<p>Nach einem schweren Trainingssturz letzte Woche war der Start in V\u00f6lkermarkt f\u00fcr Lukas Grie\u00dfer (U15) mehr als ungewiss.<\/p>\n<p>Nach \u00e4rztlicher R\u00fccksprache stellte sich Lukas doch der Herausforderung und ging mit weiteren 90(!) U-15 Fahrern an den Start (25 Slowenen und ca. 15 Italiener).<\/p>\n<p>Zu fahren waren bei den U15 2 Runden zu je 24 km also insgesamt 48km. Trotz zahlreicher Ausrei\u00dfversuche auf den vielen kurzen Anstiegen, war das Tempo moderat und Lukas hielt sich immer im vordersten Drittel des Feldes auf. Das Rennen wurde v.a. von den starken ausl\u00e4ndischen Fahrern bestimmt &#8211;\u00a0 Lukas war aber immer am richtigen Hinterrad und konnte sich beim letzten und alles entscheidenden Zielanstieg als 6. und zweitbester \u00d6sterreicher (hinter Stefan Marbler) wieder hervorragend platzieren.<\/p>\n<p>&nbsp;<\/p>\n","protected":false},"excerpt":{"rendered":"<p>Grand Prix S\u00fcdk\u00e4rnten ( Adria-Cup )\/Sonntag 06.06.2016 Nach einem schweren Trainingssturz letzte Woche war der Start in V\u00f6lkermarkt f\u00fcr Lukas Grie\u00dfer (U15) mehr als ungewiss. Nach \u00e4rztlicher R\u00fccksprache stellte sich Lukas doch der Herausforderung und ging mit weiteren 90(!) U-15 Fahrern an den Start (25 Slowenen und ca. 15 Italiener). Zu fahren waren bei den&hellip;&nbsp;<a href=\"https:\/\/rad.asvi.at\/?p=6081\" class=\"\" rel=\"bookmark\">Weiterlesen &raquo;<span class=\"screen-reader-text\">Lukas Grie\u00dfer nach schwerem Trainingssturz 6. in K\u00e4rnten<\/span><\/a><\/p>\n","protected":false},"author":2,"featured_media":6084,"comment_status":"open","ping_status":"closed","sticky":false,"template":"","format":"standard","meta":{"neve_meta_sidebar":"","neve_meta_container":"","neve_meta_enable_content_width":"","neve_meta_content_width":0,"neve_meta_title_alignment":"","neve_meta_author_avatar":"","neve_post_elements_order":"","neve_meta_disable_header":"","neve_meta_disable_footer":"","neve_meta_disable_title":"","footnotes":""},"categories":[9,11],"tags":[],"class_list":["post-6081","post","type-post","status-publish","format-standard","has-post-thumbnail","hentry","category-allgemein","category-rennsport"],"featured_image_urls":{"full":"","thumbnail":"","medium":"","medium_large":"","large":"","xl":"","xxl":"","xxxl":"","xxxxl":"","xxxxxl":"","1536x1536":"","2048x2048":"","neve-blog":""},"post_excerpt_stackable":"<p>Grand Prix S\u00fcdk\u00e4rnten ( Adria-Cup )\/Sonntag 06.06.2016 Nach einem schweren Trainingssturz letzte Woche war der Start in V\u00f6lkermarkt f\u00fcr Lukas Grie\u00dfer (U15) mehr als ungewiss. Nach \u00e4rztlicher R\u00fccksprache stellte sich Lukas doch der Herausforderung und ging mit weiteren 90(!) U-15 Fahrern an den Start (25 Slowenen und ca. 15 Italiener). Zu fahren waren bei den U15 2 Runden zu je 24 km also insgesamt 48km. Trotz zahlreicher Ausrei\u00dfversuche auf den vielen kurzen Anstiegen, war das Tempo moderat und Lukas hielt sich immer im vordersten Drittel des Feldes auf. Das Rennen wurde v.a. von den starken ausl\u00e4ndischen Fahrern bestimmt &#8211;\u00a0 Lukas&hellip;<\/p>\n","category_list":"<a href=\"https:\/\/rad.asvi.at\/?cat=9\" rel=\"category\">Allgemein<\/a>, <a href=\"https:\/\/rad.asvi.at\/?cat=11\" rel=\"category\">Rennsport<\/a>","author_info":{"name":"Roman","url":"https:\/\/rad.asvi.at\/?author=2"},"comments_num":"0 comments","_links":{"self":[{"href":"https:\/\/rad.asvi.at\/index.php?rest_route=\/wp\/v2\/posts\/6081","targetHints":{"allow":["GET"]}}],"collection":[{"href":"https:\/\/rad.asvi.at\/index.php?rest_route=\/wp\/v2\/posts"}],"about":[{"href":"https:\/\/rad.asvi.at\/index.php?rest_route=\/wp\/v2\/types\/post"}],"author":[{"embeddable":true,"href":"https:\/\/rad.asvi.at\/index.php?rest_route=\/wp\/v2\/users\/2"}],"replies":[{"embeddable":true,"href":"https:\/\/rad.asvi.at\/index.php?rest_route=%2Fwp%2Fv2%2Fcomments&post=6081"}],"version-history":[{"count":0,"href":"https:\/\/rad.asvi.at\/index.php?rest_route=\/wp\/v2\/posts\/6081\/revisions"}],"wp:featuredmedia":[{"embeddable":true,"href":"https:\/\/rad.asvi.at\/index.php?rest_route=\/"}],"wp:attachment":[{"href":"https:\/\/rad.asvi.at\/index.php?rest_route=%2Fwp%2Fv2%2Fmedia&parent=6081"}],"wp:term":[{"taxonomy":"category","embeddable":true,"href":"https:\/\/rad.asvi.at\/index.php?rest_route=%2Fwp%2Fv2%2Fcategories&post=6081"},{"taxonomy":"post_tag","embeddable":true,"href":"https:\/\/rad.asvi.at\/index.php?rest_route=%2Fwp%2Fv2%2Ftags&post=6081"}],"curies":[{"name":"wp","href":"https:\/\/api.w.org\/{rel}","templated":true}]}}