{"id":6203,"date":"2016-07-06T00:10:14","date_gmt":"2016-07-05T22:10:14","guid":{"rendered":"http:\/\/www.radclub-inzing.at\/?p=6203"},"modified":"2016-07-06T00:10:14","modified_gmt":"2016-07-05T22:10:14","slug":"alexander-wachter-fahrt-seine-1-osterreichrundfahrt","status":"publish","type":"post","link":"https:\/\/rad.asvi.at\/?p=6203","title":{"rendered":"Alexander Wachter f\u00e4hrt seine 1. \u00d6sterreichrundfahrt"},"content":{"rendered":"<p>Die 1. Etappe der \u00d6sterreichrundfahrt f\u00fchrte heuer von Innsbruck (Rad-WM 2016) nach Salzburg (Rad-WM 2006). Im jungen Tirol-Cycling-Team sind heuer so viele Tiroler wie noch nie am Start! In seinem 3. U-23-Jahr zum ersten Mal mit von der Partie &#8211; der ehemalige Junioren-Europameister und Olympiamedaillen-Gewinner aus dem Inzinger Nachwuchsrennstall- \u00a0ALEXANDER WACHTER.<\/p>\n<p>An diesem Sonntag fand auch die 30. Vereinsmeisterschaft unseres Vereins statt. Gefahren wurde bereits um 9:00 Uhr von Inzing nach Ranggen, also ging es sich perfekt aus, gleich im Anschluss des Rennens geschlossen nach Innsbruck (Start Landestheater) zu radeln, wo der Start der 1. Etappe der \u00d6sterreichradrundfahrt auf 11:00 festgelegt war. Alexander freute sich riesig, dass so viele &#8222;Gelbe&#8220; aus seinem ehemaligen Verein vorbeikamen, um ihm viel Gl\u00fcck und Erfolg zu w\u00fcnschen.<\/p>\n","protected":false},"excerpt":{"rendered":"<p>Die 1. Etappe der \u00d6sterreichrundfahrt f\u00fchrte heuer von Innsbruck (Rad-WM 2016) nach Salzburg (Rad-WM 2006). Im jungen Tirol-Cycling-Team sind heuer so viele Tiroler wie noch nie am Start! In seinem 3. U-23-Jahr zum ersten Mal mit von der Partie &#8211; der ehemalige Junioren-Europameister und Olympiamedaillen-Gewinner aus dem Inzinger Nachwuchsrennstall- \u00a0ALEXANDER WACHTER. An diesem Sonntag fand&hellip;&nbsp;<a href=\"https:\/\/rad.asvi.at\/?p=6203\" class=\"\" rel=\"bookmark\">Weiterlesen &raquo;<span class=\"screen-reader-text\">Alexander Wachter f\u00e4hrt seine 1. \u00d6sterreichrundfahrt<\/span><\/a><\/p>\n","protected":false},"author":2,"featured_media":6250,"comment_status":"open","ping_status":"closed","sticky":false,"template":"","format":"standard","meta":{"neve_meta_sidebar":"","neve_meta_container":"","neve_meta_enable_content_width":"","neve_meta_content_width":0,"neve_meta_title_alignment":"","neve_meta_author_avatar":"","neve_post_elements_order":"","neve_meta_disable_header":"","neve_meta_disable_footer":"","neve_meta_disable_title":"","footnotes":""},"categories":[9,10,11],"tags":[],"class_list":["post-6203","post","type-post","status-publish","format-standard","has-post-thumbnail","hentry","category-allgemein","category-hobbysport","category-rennsport"],"featured_image_urls":{"full":"","thumbnail":"","medium":"","medium_large":"","large":"","xl":"","xxl":"","xxxl":"","xxxxl":"","xxxxxl":"","1536x1536":"","2048x2048":"","neve-blog":""},"post_excerpt_stackable":"<p>Die 1. Etappe der \u00d6sterreichrundfahrt f\u00fchrte heuer von Innsbruck (Rad-WM 2016) nach Salzburg (Rad-WM 2006). Im jungen Tirol-Cycling-Team sind heuer so viele Tiroler wie noch nie am Start! In seinem 3. U-23-Jahr zum ersten Mal mit von der Partie &#8211; der ehemalige Junioren-Europameister und Olympiamedaillen-Gewinner aus dem Inzinger Nachwuchsrennstall- \u00a0ALEXANDER WACHTER. An diesem Sonntag fand auch die 30. Vereinsmeisterschaft unseres Vereins statt. Gefahren wurde bereits um 9:00 Uhr von Inzing nach Ranggen, also ging es sich perfekt aus, gleich im Anschluss des Rennens geschlossen nach Innsbruck (Start Landestheater) zu radeln, wo der Start der 1. Etappe der \u00d6sterreichradrundfahrt auf 11:00&hellip;<\/p>\n","category_list":"<a href=\"https:\/\/rad.asvi.at\/?cat=9\" rel=\"category\">Allgemein<\/a>, <a href=\"https:\/\/rad.asvi.at\/?cat=10\" rel=\"category\">Hobbysport<\/a>, <a href=\"https:\/\/rad.asvi.at\/?cat=11\" rel=\"category\">Rennsport<\/a>","author_info":{"name":"Roman","url":"https:\/\/rad.asvi.at\/?author=2"},"comments_num":"0 comments","_links":{"self":[{"href":"https:\/\/rad.asvi.at\/index.php?rest_route=\/wp\/v2\/posts\/6203","targetHints":{"allow":["GET"]}}],"collection":[{"href":"https:\/\/rad.asvi.at\/index.php?rest_route=\/wp\/v2\/posts"}],"about":[{"href":"https:\/\/rad.asvi.at\/index.php?rest_route=\/wp\/v2\/types\/post"}],"author":[{"embeddable":true,"href":"https:\/\/rad.asvi.at\/index.php?rest_route=\/wp\/v2\/users\/2"}],"replies":[{"embeddable":true,"href":"https:\/\/rad.asvi.at\/index.php?rest_route=%2Fwp%2Fv2%2Fcomments&post=6203"}],"version-history":[{"count":0,"href":"https:\/\/rad.asvi.at\/index.php?rest_route=\/wp\/v2\/posts\/6203\/revisions"}],"wp:featuredmedia":[{"embeddable":true,"href":"https:\/\/rad.asvi.at\/index.php?rest_route=\/"}],"wp:attachment":[{"href":"https:\/\/rad.asvi.at\/index.php?rest_route=%2Fwp%2Fv2%2Fmedia&parent=6203"}],"wp:term":[{"taxonomy":"category","embeddable":true,"href":"https:\/\/rad.asvi.at\/index.php?rest_route=%2Fwp%2Fv2%2Fcategories&post=6203"},{"taxonomy":"post_tag","embeddable":true,"href":"https:\/\/rad.asvi.at\/index.php?rest_route=%2Fwp%2Fv2%2Ftags&post=6203"}],"curies":[{"name":"wp","href":"https:\/\/api.w.org\/{rel}","templated":true}]}}