{"id":6217,"date":"2016-07-18T21:11:38","date_gmt":"2016-07-18T19:11:38","guid":{"rendered":"http:\/\/www.radclub-inzing.at\/?p=6217"},"modified":"2016-07-18T21:11:38","modified_gmt":"2016-07-18T19:11:38","slug":"hochflache-von-hafling","status":"publish","type":"post","link":"https:\/\/rad.asvi.at\/?p=6217","title":{"rendered":"Hochfl\u00e4che von Hafling"},"content":{"rendered":"<p>Die\u00a0Ausfahrt f\u00fchrte uns bei bester Laune und sch\u00f6nen Wetter nach S\u00fcdtirol. Der Streckenverlauf gefiel allen<br \/>\nTeilnehmern. Die L\u00e4nge der Strecke bzw. die zu bew\u00e4ltigenden H\u00f6henmeter &#8211; au\u00dfer die Steilheit, die teilweise<br \/>\nbei 16% lag &#8211; wurden von den weiblichen Teilnehmern nicht bem\u00e4ngelt,\u00a0obwohl die Angabe\u00a0bei der Ausschreibung<br \/>\nnicht ganz ident war! (Differenz von l\u00e4cherlichen\u00a0538 Hm !)<\/p>\n<p>Datum: 17.07.2016 \/\u00a0KM\u00a084\u00a0 \/ Hm\u00a01838 \/ Teilnehmer\u00a09 Personen (4 Damen)<br \/>\nPS<br \/>\nAuch konnten wir wieder bei dieser Ausfahrt die immens gro\u00dfe Anzahl von 9\u00a0\u00a0Teilnehmern begr\u00fc\u00dfen !!<br \/>\nBei der Engadinrunde\u00a0\u00a0waren es\u00a0sogar 6\u00a0Teilnehmer !!<\/p>\n<p>Es stellt sich die Frage ob sich der Aufwand der Planung und Ausf\u00fchrung in Zukunft lohnt.<\/p>\n<p>&nbsp;<\/p>\n<p>&nbsp;<\/p>\n<p>Datum: 17.07.2016 \/\u00a0KM\u00a084\u00a0 \/ Hm\u00a01838 \/ Teilnehmer\u00a09 Personen (3 Damen)<\/p>\n","protected":false},"excerpt":{"rendered":"<p>Die\u00a0Ausfahrt f\u00fchrte uns bei bester Laune und sch\u00f6nen Wetter nach S\u00fcdtirol. Der Streckenverlauf gefiel allen Teilnehmern. Die L\u00e4nge der Strecke bzw. die zu bew\u00e4ltigenden H\u00f6henmeter &#8211; au\u00dfer die Steilheit, die teilweise bei 16% lag &#8211; wurden von den weiblichen Teilnehmern nicht bem\u00e4ngelt,\u00a0obwohl die Angabe\u00a0bei der Ausschreibung nicht ganz ident war! (Differenz von l\u00e4cherlichen\u00a0538 Hm !)&hellip;&nbsp;<a href=\"https:\/\/rad.asvi.at\/?p=6217\" class=\"\" rel=\"bookmark\">Weiterlesen &raquo;<span class=\"screen-reader-text\">Hochfl\u00e4che von Hafling<\/span><\/a><\/p>\n","protected":false},"author":2,"featured_media":6212,"comment_status":"open","ping_status":"closed","sticky":false,"template":"","format":"standard","meta":{"neve_meta_sidebar":"","neve_meta_container":"","neve_meta_enable_content_width":"","neve_meta_content_width":0,"neve_meta_title_alignment":"","neve_meta_author_avatar":"","neve_post_elements_order":"","neve_meta_disable_header":"","neve_meta_disable_footer":"","neve_meta_disable_title":"","footnotes":""},"categories":[9,10],"tags":[],"class_list":["post-6217","post","type-post","status-publish","format-standard","has-post-thumbnail","hentry","category-allgemein","category-hobbysport"],"featured_image_urls":{"full":"","thumbnail":"","medium":"","medium_large":"","large":"","xl":"","xxl":"","xxxl":"","xxxxl":"","xxxxxl":"","1536x1536":"","2048x2048":"","neve-blog":""},"post_excerpt_stackable":"<p>Die\u00a0Ausfahrt f\u00fchrte uns bei bester Laune und sch\u00f6nen Wetter nach S\u00fcdtirol. Der Streckenverlauf gefiel allen Teilnehmern. Die L\u00e4nge der Strecke bzw. die zu bew\u00e4ltigenden H\u00f6henmeter &#8211; au\u00dfer die Steilheit, die teilweise bei 16% lag &#8211; wurden von den weiblichen Teilnehmern nicht bem\u00e4ngelt,\u00a0obwohl die Angabe\u00a0bei der Ausschreibung nicht ganz ident war! (Differenz von l\u00e4cherlichen\u00a0538 Hm !) Datum: 17.07.2016 \/\u00a0KM\u00a084\u00a0 \/ Hm\u00a01838 \/ Teilnehmer\u00a09 Personen (4 Damen) PS Auch konnten wir wieder bei dieser Ausfahrt die immens gro\u00dfe Anzahl von 9\u00a0\u00a0Teilnehmern begr\u00fc\u00dfen !! Bei der Engadinrunde\u00a0\u00a0waren es\u00a0sogar 6\u00a0Teilnehmer !! Es stellt sich die Frage ob sich der Aufwand der Planung und Ausf\u00fchrung&hellip;<\/p>\n","category_list":"<a href=\"https:\/\/rad.asvi.at\/?cat=9\" rel=\"category\">Allgemein<\/a>, <a href=\"https:\/\/rad.asvi.at\/?cat=10\" rel=\"category\">Hobbysport<\/a>","author_info":{"name":"Roman","url":"https:\/\/rad.asvi.at\/?author=2"},"comments_num":"0 comments","_links":{"self":[{"href":"https:\/\/rad.asvi.at\/index.php?rest_route=\/wp\/v2\/posts\/6217","targetHints":{"allow":["GET"]}}],"collection":[{"href":"https:\/\/rad.asvi.at\/index.php?rest_route=\/wp\/v2\/posts"}],"about":[{"href":"https:\/\/rad.asvi.at\/index.php?rest_route=\/wp\/v2\/types\/post"}],"author":[{"embeddable":true,"href":"https:\/\/rad.asvi.at\/index.php?rest_route=\/wp\/v2\/users\/2"}],"replies":[{"embeddable":true,"href":"https:\/\/rad.asvi.at\/index.php?rest_route=%2Fwp%2Fv2%2Fcomments&post=6217"}],"version-history":[{"count":0,"href":"https:\/\/rad.asvi.at\/index.php?rest_route=\/wp\/v2\/posts\/6217\/revisions"}],"wp:featuredmedia":[{"embeddable":true,"href":"https:\/\/rad.asvi.at\/index.php?rest_route=\/"}],"wp:attachment":[{"href":"https:\/\/rad.asvi.at\/index.php?rest_route=%2Fwp%2Fv2%2Fmedia&parent=6217"}],"wp:term":[{"taxonomy":"category","embeddable":true,"href":"https:\/\/rad.asvi.at\/index.php?rest_route=%2Fwp%2Fv2%2Fcategories&post=6217"},{"taxonomy":"post_tag","embeddable":true,"href":"https:\/\/rad.asvi.at\/index.php?rest_route=%2Fwp%2Fv2%2Ftags&post=6217"}],"curies":[{"name":"wp","href":"https:\/\/api.w.org\/{rel}","templated":true}]}}