{"id":6258,"date":"2016-07-31T20:39:57","date_gmt":"2016-07-31T18:39:57","guid":{"rendered":"http:\/\/www.radclub-inzing.at\/?p=6258"},"modified":"2016-07-31T20:39:57","modified_gmt":"2016-07-31T18:39:57","slug":"lukas-grieser-holt-eine-medaille-bei-der-om-strase-in-purgstall","status":"publish","type":"post","link":"https:\/\/rad.asvi.at\/?p=6258","title":{"rendered":"Lukas Grie\u00dfer holt eine Medaille bei der \u00d6M-Stra\u00dfe in Purgstall!"},"content":{"rendered":"<p>Purgstall \u2013 30.07.2016<\/p>\n<p><em>Lukas Grie\u00dfer<\/em> (U15\/<strong>\u00d6AMTC RAIKA BKD ASV INZING<\/strong>) war der \u00dcberraschungsmann an diesem hei\u00dfen Samstag Nachmittag in Purgstall (N\u00d6), wo die \u00d6sterreichischen Meisterschaften auf der Stra\u00dfe in den Nachwuchsklassen ausgetragen wurden.<\/p>\n<p>Die Taktik, die Medaillenchancen durch pers\u00f6nliche Initiative zu erh\u00f6hen ging voll auf. Und so kam es, wie es geplant war, n\u00e4mlich durch eine harte Attacke am Berg in der letzten Runde die Flucht nach vorne zu versuchen, um einem eventuellen Massensprint des Feldes zuvorzukommen und mit einer kleinen Fluchtgruppe bis ins Ziel durchzukommen. Dass dieser Attacke von Lukas am vorletzten Anstieg dann aber \u00fcberhaupt mit Stefan Marbler (SC Mirnock) nur einer der Mitfavoriten folgen konnte, war dann doch ziemlich \u00fcberraschend. Jedenfalls konnten die beiden bis ins Ziel noch einen Vorsprung von fast einer Minute herausfahren! Unmittelbar vor dem Ziel musste Lukas seiner aggressiven Fahrweise dann doch Tribut zollen und Mabler ziehen lassen. Mit der Silbermedaille (als Erstj\u00e4hriger U15-Fahrer!) noch dazu in der \u201eK\u00f6nigsdisziplin\u201c des Stra\u00dfenradrennsports, konnte Lukas nach der \u201eBlechenen\u201c beim Zeitfahren letzte Woche, mehr als zufrieden sein! Bravo!<\/p>\n","protected":false},"excerpt":{"rendered":"<p>Purgstall \u2013 30.07.2016 Lukas Grie\u00dfer (U15\/\u00d6AMTC RAIKA BKD ASV INZING) war der \u00dcberraschungsmann an diesem hei\u00dfen Samstag Nachmittag in Purgstall (N\u00d6), wo die \u00d6sterreichischen Meisterschaften auf der Stra\u00dfe in den Nachwuchsklassen ausgetragen wurden. Die Taktik, die Medaillenchancen durch pers\u00f6nliche Initiative zu erh\u00f6hen ging voll auf. Und so kam es, wie es geplant war, n\u00e4mlich durch&hellip;&nbsp;<a href=\"https:\/\/rad.asvi.at\/?p=6258\" class=\"\" rel=\"bookmark\">Weiterlesen &raquo;<span class=\"screen-reader-text\">Lukas Grie\u00dfer holt eine Medaille bei der \u00d6M-Stra\u00dfe in Purgstall!<\/span><\/a><\/p>\n","protected":false},"author":2,"featured_media":6265,"comment_status":"open","ping_status":"closed","sticky":false,"template":"","format":"standard","meta":{"neve_meta_sidebar":"","neve_meta_container":"","neve_meta_enable_content_width":"","neve_meta_content_width":0,"neve_meta_title_alignment":"","neve_meta_author_avatar":"","neve_post_elements_order":"","neve_meta_disable_header":"","neve_meta_disable_footer":"","neve_meta_disable_title":"","footnotes":""},"categories":[9,11],"tags":[],"class_list":["post-6258","post","type-post","status-publish","format-standard","has-post-thumbnail","hentry","category-allgemein","category-rennsport"],"featured_image_urls":{"full":"","thumbnail":"","medium":"","medium_large":"","large":"","xl":"","xxl":"","xxxl":"","xxxxl":"","xxxxxl":"","1536x1536":"","2048x2048":"","neve-blog":""},"post_excerpt_stackable":"<p>Purgstall \u2013 30.07.2016 Lukas Grie\u00dfer (U15\/\u00d6AMTC RAIKA BKD ASV INZING) war der \u00dcberraschungsmann an diesem hei\u00dfen Samstag Nachmittag in Purgstall (N\u00d6), wo die \u00d6sterreichischen Meisterschaften auf der Stra\u00dfe in den Nachwuchsklassen ausgetragen wurden. Die Taktik, die Medaillenchancen durch pers\u00f6nliche Initiative zu erh\u00f6hen ging voll auf. Und so kam es, wie es geplant war, n\u00e4mlich durch eine harte Attacke am Berg in der letzten Runde die Flucht nach vorne zu versuchen, um einem eventuellen Massensprint des Feldes zuvorzukommen und mit einer kleinen Fluchtgruppe bis ins Ziel durchzukommen. Dass dieser Attacke von Lukas am vorletzten Anstieg dann aber \u00fcberhaupt mit Stefan Marbler&hellip;<\/p>\n","category_list":"<a href=\"https:\/\/rad.asvi.at\/?cat=9\" rel=\"category\">Allgemein<\/a>, <a href=\"https:\/\/rad.asvi.at\/?cat=11\" rel=\"category\">Rennsport<\/a>","author_info":{"name":"Roman","url":"https:\/\/rad.asvi.at\/?author=2"},"comments_num":"0 comments","_links":{"self":[{"href":"https:\/\/rad.asvi.at\/index.php?rest_route=\/wp\/v2\/posts\/6258","targetHints":{"allow":["GET"]}}],"collection":[{"href":"https:\/\/rad.asvi.at\/index.php?rest_route=\/wp\/v2\/posts"}],"about":[{"href":"https:\/\/rad.asvi.at\/index.php?rest_route=\/wp\/v2\/types\/post"}],"author":[{"embeddable":true,"href":"https:\/\/rad.asvi.at\/index.php?rest_route=\/wp\/v2\/users\/2"}],"replies":[{"embeddable":true,"href":"https:\/\/rad.asvi.at\/index.php?rest_route=%2Fwp%2Fv2%2Fcomments&post=6258"}],"version-history":[{"count":0,"href":"https:\/\/rad.asvi.at\/index.php?rest_route=\/wp\/v2\/posts\/6258\/revisions"}],"wp:featuredmedia":[{"embeddable":true,"href":"https:\/\/rad.asvi.at\/index.php?rest_route=\/"}],"wp:attachment":[{"href":"https:\/\/rad.asvi.at\/index.php?rest_route=%2Fwp%2Fv2%2Fmedia&parent=6258"}],"wp:term":[{"taxonomy":"category","embeddable":true,"href":"https:\/\/rad.asvi.at\/index.php?rest_route=%2Fwp%2Fv2%2Fcategories&post=6258"},{"taxonomy":"post_tag","embeddable":true,"href":"https:\/\/rad.asvi.at\/index.php?rest_route=%2Fwp%2Fv2%2Ftags&post=6258"}],"curies":[{"name":"wp","href":"https:\/\/api.w.org\/{rel}","templated":true}]}}