{"id":6281,"date":"2016-08-08T22:04:04","date_gmt":"2016-08-08T20:04:04","guid":{"rendered":"http:\/\/www.radclub-inzing.at\/?p=6281"},"modified":"2016-08-08T22:04:04","modified_gmt":"2016-08-08T20:04:04","slug":"gold-und-silber-fur-inzings-youngstars-bei-der-tm-im-einzelzeitfahren","status":"publish","type":"post","link":"https:\/\/rad.asvi.at\/?p=6281","title":{"rendered":"Gold und Silber f\u00fcr Inzings Youngstars bei der TM im Einzelzeitfahren!"},"content":{"rendered":"<p><strong>Erpfendorf\/T:<\/strong> Heute fand in Erpfendorf bei St. Johann in Tirol traditionell die TM im Einzelzeitfahren statt. Bei sch\u00f6nem Wetter, aber ged\u00e4mpften Temperaturen waren auch 2 junge Fahrer vom Inzinger Nachwuchsverein \u00d6AMTC RAIKA BKD ASV am Start. Pia Totschnig (Md U17\/Zirl) ging bereits mit der Startnummer 9 ins Rennen und gleich hinter ihr mit der Startnummer 10 Lukas Grie\u00dfer (U15). Die Triathletin Pia Totschnig fuhr wieder ein sehr starkes Rennen und wurde lediglich von Petra Huter (RC-Tirol) um 8 sec. geschlagen. Lukas Grie\u00dfer hatte dieses Mal mehr Gl\u00fcck und gewann mit dem hauchd\u00fcnnen Vorsprung von 1,3 sec. (!) vor Lukas Zauchner (Probike Schwaz). Bei der \u00d6M vor 3 Wochen war es Zauchner, der Lukas mit dem 3. Platz noch eine Medaille wegschnappte.<\/p>\n","protected":false},"excerpt":{"rendered":"<p>Erpfendorf\/T: Heute fand in Erpfendorf bei St. Johann in Tirol traditionell die TM im Einzelzeitfahren statt. Bei sch\u00f6nem Wetter, aber ged\u00e4mpften Temperaturen waren auch 2 junge Fahrer vom Inzinger Nachwuchsverein \u00d6AMTC RAIKA BKD ASV am Start. Pia Totschnig (Md U17\/Zirl) ging bereits mit der Startnummer 9 ins Rennen und gleich hinter ihr mit der Startnummer&hellip;&nbsp;<a href=\"https:\/\/rad.asvi.at\/?p=6281\" class=\"\" rel=\"bookmark\">Weiterlesen &raquo;<span class=\"screen-reader-text\">Gold und Silber f\u00fcr Inzings Youngstars bei der TM im Einzelzeitfahren!<\/span><\/a><\/p>\n","protected":false},"author":2,"featured_media":6295,"comment_status":"open","ping_status":"closed","sticky":false,"template":"","format":"standard","meta":{"neve_meta_sidebar":"","neve_meta_container":"","neve_meta_enable_content_width":"","neve_meta_content_width":0,"neve_meta_title_alignment":"","neve_meta_author_avatar":"","neve_post_elements_order":"","neve_meta_disable_header":"","neve_meta_disable_footer":"","neve_meta_disable_title":"","footnotes":""},"categories":[9,11],"tags":[],"class_list":["post-6281","post","type-post","status-publish","format-standard","has-post-thumbnail","hentry","category-allgemein","category-rennsport"],"featured_image_urls":{"full":"","thumbnail":"","medium":"","medium_large":"","large":"","xl":"","xxl":"","xxxl":"","xxxxl":"","xxxxxl":"","1536x1536":"","2048x2048":"","neve-blog":""},"post_excerpt_stackable":"<p>Erpfendorf\/T: Heute fand in Erpfendorf bei St. Johann in Tirol traditionell die TM im Einzelzeitfahren statt. Bei sch\u00f6nem Wetter, aber ged\u00e4mpften Temperaturen waren auch 2 junge Fahrer vom Inzinger Nachwuchsverein \u00d6AMTC RAIKA BKD ASV am Start. Pia Totschnig (Md U17\/Zirl) ging bereits mit der Startnummer 9 ins Rennen und gleich hinter ihr mit der Startnummer 10 Lukas Grie\u00dfer (U15). Die Triathletin Pia Totschnig fuhr wieder ein sehr starkes Rennen und wurde lediglich von Petra Huter (RC-Tirol) um 8 sec. geschlagen. Lukas Grie\u00dfer hatte dieses Mal mehr Gl\u00fcck und gewann mit dem hauchd\u00fcnnen Vorsprung von 1,3 sec. (!) vor Lukas Zauchner&hellip;<\/p>\n","category_list":"<a href=\"https:\/\/rad.asvi.at\/?cat=9\" rel=\"category\">Allgemein<\/a>, <a href=\"https:\/\/rad.asvi.at\/?cat=11\" rel=\"category\">Rennsport<\/a>","author_info":{"name":"Roman","url":"https:\/\/rad.asvi.at\/?author=2"},"comments_num":"0 comments","_links":{"self":[{"href":"https:\/\/rad.asvi.at\/index.php?rest_route=\/wp\/v2\/posts\/6281","targetHints":{"allow":["GET"]}}],"collection":[{"href":"https:\/\/rad.asvi.at\/index.php?rest_route=\/wp\/v2\/posts"}],"about":[{"href":"https:\/\/rad.asvi.at\/index.php?rest_route=\/wp\/v2\/types\/post"}],"author":[{"embeddable":true,"href":"https:\/\/rad.asvi.at\/index.php?rest_route=\/wp\/v2\/users\/2"}],"replies":[{"embeddable":true,"href":"https:\/\/rad.asvi.at\/index.php?rest_route=%2Fwp%2Fv2%2Fcomments&post=6281"}],"version-history":[{"count":0,"href":"https:\/\/rad.asvi.at\/index.php?rest_route=\/wp\/v2\/posts\/6281\/revisions"}],"wp:featuredmedia":[{"embeddable":true,"href":"https:\/\/rad.asvi.at\/index.php?rest_route=\/"}],"wp:attachment":[{"href":"https:\/\/rad.asvi.at\/index.php?rest_route=%2Fwp%2Fv2%2Fmedia&parent=6281"}],"wp:term":[{"taxonomy":"category","embeddable":true,"href":"https:\/\/rad.asvi.at\/index.php?rest_route=%2Fwp%2Fv2%2Fcategories&post=6281"},{"taxonomy":"post_tag","embeddable":true,"href":"https:\/\/rad.asvi.at\/index.php?rest_route=%2Fwp%2Fv2%2Ftags&post=6281"}],"curies":[{"name":"wp","href":"https:\/\/api.w.org\/{rel}","templated":true}]}}