{"id":6343,"date":"2016-09-11T00:02:02","date_gmt":"2016-09-10T22:02:02","guid":{"rendered":"http:\/\/www.radclub-inzing.at\/?p=6343"},"modified":"2016-09-11T00:02:02","modified_gmt":"2016-09-10T22:02:02","slug":"tolle-kulisse-bei-der-om-berg-von-inzing-auf-das-stiglreith","status":"publish","type":"post","link":"https:\/\/rad.asvi.at\/?p=6343","title":{"rendered":"Tolle Kulisse bei der \u00d6M Berg von Inzing auf das Stiglreith"},"content":{"rendered":"<p><strong><\/strong>Bei traumhaften Wetterverh\u00e4ltnissen fand heute 10.9. 2016 die \u00d6sterreichische Staatsmeisterschaft Berg in Inzing statt. Das Rennen wurde vom Radclub Inzing schon zum 20. Mal musterg\u00fcltig organisiert. Den Rennfahrern wurde auf der 14,4 km langen Strecke mit Steigungen \u00fcber 14% und den sommerlichen Temperaturen alles abverlangt.\u00a0 <strong><em>Clemens Fankhauser<\/em><\/strong> (Tirol Cycling Team) hielt die Fahnen hoch f\u00fcr Tirol \u2013 er belegte hinter <strong><em>Hermann Pernsteiner<\/em><\/strong> (Team Amplatz BMC) und <strong><em>Daniel Lehner <\/em><\/strong>(Team Vorarlberg) den ausgezeichneten 3. Platz. Auch bei den Junioren eine Bronzemedaille f\u00fcr Tirol durch den amtierenden Weltmeister aus Osttirol &#8211; <strong><em>Felix Gall<\/em><\/strong> (RC ARB\u00d6 Tom Tailor W\u00f6rgl). Hier siegte <strong><em>Marco Friedrich<\/em><\/strong> (Team Pro Energetic ARB\u00d6) vor <strong><em>Andreas Wolfmayr<\/em><\/strong> (RC Union einDRUCK Sarleinsbach). \u00a0Bei den U17 holte sich <strong><em>Jakob Reiter<\/em><\/strong> (RC ARB\u00d6 ANF Auto Walding) den Titel und zwar vor <strong><em>Maxi Kirschner<\/em><\/strong> (Haibike Racing Team Haiming) und <strong><em>Pauli Bleyer<\/em><\/strong> (ARB\u00d6 Rapso Knittelfeld). F\u00fcr den veranstaltenden Verein \u00d6AMTC RAIKA BKD ASV INZING gab es an diesem Tag aber auch noch einen Solosieg zu feiern: <strong><em>Lukas Grie\u00dfer<\/em><\/strong> (U15) gewann mit fast 15 sec. Vorsprung das Rennen von Inzing nach Ranggen!Die \u00fcbrigen Inzinger Starter schlugen sich auch ziemlich tapfer: <em><strong>Andreas Rudigier<\/strong><\/em> (Amateure) wurde 4., <em><strong>Florian Hirsch<\/strong><\/em> (Jun) 17. und <em><strong>Elias Farbmacher<\/strong><\/em> (Jun) 22.<\/p>\n<p>Danke an ALLE, die durch ihre Mithilfe am Gelingen dieser Veranstaltung beigetragen haben!!!!<\/p>\n<p>&nbsp;<\/p>\n","protected":false},"excerpt":{"rendered":"<p>Bei traumhaften Wetterverh\u00e4ltnissen fand heute 10.9. 2016 die \u00d6sterreichische Staatsmeisterschaft Berg in Inzing statt. Das Rennen wurde vom Radclub Inzing schon zum 20. Mal musterg\u00fcltig organisiert. Den Rennfahrern wurde auf der 14,4 km langen Strecke mit Steigungen \u00fcber 14% und den sommerlichen Temperaturen alles abverlangt.\u00a0 Clemens Fankhauser (Tirol Cycling Team) hielt die Fahnen hoch f\u00fcr&hellip;&nbsp;<a href=\"https:\/\/rad.asvi.at\/?p=6343\" class=\"\" rel=\"bookmark\">Weiterlesen &raquo;<span class=\"screen-reader-text\">Tolle Kulisse bei der \u00d6M Berg von Inzing auf das Stiglreith<\/span><\/a><\/p>\n","protected":false},"author":2,"featured_media":6347,"comment_status":"open","ping_status":"closed","sticky":false,"template":"","format":"standard","meta":{"neve_meta_sidebar":"","neve_meta_container":"","neve_meta_enable_content_width":"","neve_meta_content_width":0,"neve_meta_title_alignment":"","neve_meta_author_avatar":"","neve_post_elements_order":"","neve_meta_disable_header":"","neve_meta_disable_footer":"","neve_meta_disable_title":"","footnotes":""},"categories":[9,11],"tags":[],"class_list":["post-6343","post","type-post","status-publish","format-standard","has-post-thumbnail","hentry","category-allgemein","category-rennsport"],"featured_image_urls":{"full":"","thumbnail":"","medium":"","medium_large":"","large":"","xl":"","xxl":"","xxxl":"","xxxxl":"","xxxxxl":"","1536x1536":"","2048x2048":"","neve-blog":""},"post_excerpt_stackable":"<p>Bei traumhaften Wetterverh\u00e4ltnissen fand heute 10.9. 2016 die \u00d6sterreichische Staatsmeisterschaft Berg in Inzing statt. Das Rennen wurde vom Radclub Inzing schon zum 20. Mal musterg\u00fcltig organisiert. Den Rennfahrern wurde auf der 14,4 km langen Strecke mit Steigungen \u00fcber 14% und den sommerlichen Temperaturen alles abverlangt.\u00a0 Clemens Fankhauser (Tirol Cycling Team) hielt die Fahnen hoch f\u00fcr Tirol \u2013 er belegte hinter Hermann Pernsteiner (Team Amplatz BMC) und Daniel Lehner (Team Vorarlberg) den ausgezeichneten 3. Platz. Auch bei den Junioren eine Bronzemedaille f\u00fcr Tirol durch den amtierenden Weltmeister aus Osttirol &#8211; Felix Gall (RC ARB\u00d6 Tom Tailor W\u00f6rgl). Hier siegte Marco Friedrich&hellip;<\/p>\n","category_list":"<a href=\"https:\/\/rad.asvi.at\/?cat=9\" rel=\"category\">Allgemein<\/a>, <a href=\"https:\/\/rad.asvi.at\/?cat=11\" rel=\"category\">Rennsport<\/a>","author_info":{"name":"Roman","url":"https:\/\/rad.asvi.at\/?author=2"},"comments_num":"0 comments","_links":{"self":[{"href":"https:\/\/rad.asvi.at\/index.php?rest_route=\/wp\/v2\/posts\/6343","targetHints":{"allow":["GET"]}}],"collection":[{"href":"https:\/\/rad.asvi.at\/index.php?rest_route=\/wp\/v2\/posts"}],"about":[{"href":"https:\/\/rad.asvi.at\/index.php?rest_route=\/wp\/v2\/types\/post"}],"author":[{"embeddable":true,"href":"https:\/\/rad.asvi.at\/index.php?rest_route=\/wp\/v2\/users\/2"}],"replies":[{"embeddable":true,"href":"https:\/\/rad.asvi.at\/index.php?rest_route=%2Fwp%2Fv2%2Fcomments&post=6343"}],"version-history":[{"count":0,"href":"https:\/\/rad.asvi.at\/index.php?rest_route=\/wp\/v2\/posts\/6343\/revisions"}],"wp:featuredmedia":[{"embeddable":true,"href":"https:\/\/rad.asvi.at\/index.php?rest_route=\/"}],"wp:attachment":[{"href":"https:\/\/rad.asvi.at\/index.php?rest_route=%2Fwp%2Fv2%2Fmedia&parent=6343"}],"wp:term":[{"taxonomy":"category","embeddable":true,"href":"https:\/\/rad.asvi.at\/index.php?rest_route=%2Fwp%2Fv2%2Fcategories&post=6343"},{"taxonomy":"post_tag","embeddable":true,"href":"https:\/\/rad.asvi.at\/index.php?rest_route=%2Fwp%2Fv2%2Ftags&post=6343"}],"curies":[{"name":"wp","href":"https:\/\/api.w.org\/{rel}","templated":true}]}}