{"id":6381,"date":"2016-09-11T22:07:58","date_gmt":"2016-09-11T20:07:58","guid":{"rendered":"http:\/\/www.radclub-inzing.at\/?p=6381"},"modified":"2016-09-11T22:07:58","modified_gmt":"2016-09-11T20:07:58","slug":"lukas-grieser-holt-sich-in-huben-im-otztal-den-osterreichischen-vize-meistertitel-kriterium","status":"publish","type":"post","link":"https:\/\/rad.asvi.at\/?p=6381","title":{"rendered":"Lukas Grie\u00dfer holt sich in Huben im \u00d6tztal den \u00d6sterreichischen Vize-Meistertitel Kriterium"},"content":{"rendered":"<p><strong><\/strong>Bei strahlendem Sonnenschein war Huben im \u00d6tztal Austragungsort der \u00d6M Kriterium in den Nachwuchsklassen. \u00c4u\u00dferst spannend verlief das Rennen bei den U15 f\u00fcr den Radclub \u00d6AMTC RAIKA BKD ASV Inzing: Lukas Grie\u00dfer -der Sieger vom Vortag in Inzing- geh\u00f6rte bei diesen Meisterschaften zumindest zum erweiterten Favoritenkreis. Auf dem ca. 1km langen Kriteriumkurs waren 20 Runden zu bew\u00e4ltigen und\u00a0 es fanden 10 Sprintwertungen statt. Das hie\u00df in jeder 2. Runde (!) eine Wertung! Dadurch wurde das Tempo w\u00e4hrend des gesamten Rennens sehr hoch gehalten und es galt, die Kr\u00e4fte richtig einzuteilen! Luks Grie\u00dfer machte seine Aufgabe sehr gut \u2013 er konnte schon bei den ersten Wertungen anschreiben und lag zu Halbzeit punktegleich mit einem weiteren Fahrer auf Medaillenkurs. W\u00e4hrend Gold und Silber bereits vergeben schienen, ging es in die letzten 2 Wertungsrunden. Bei der vorletzten Wertung kam es dann in der Zielkurve zu einem folgenreichen Sturz von Tim Wafler (Radsport Stanger Kitzb\u00fchel) \u2013 Lukas Grie\u00dfer \u2013am Hinterrad von Wafler- konnte gerade noch ausweichen und einen kleinen Vorsprung herausfahren. Er gewann in der Folge die letzten beiden Wertungen solo und damit mit Sicherheit die angestrebte Medaille. Dass es sogar die Silbermedaille hinter Stefan Marbler (SC Mirnock) wurde, lag daran, dass Tim Wafler\u00a0 von der Jury disqualifiziert wurde. Er musste nach seinem Sturz das Rad wechseln und auf diesem Rad war eine falsche \u00dcbersetzung montiert. Tim konnte einem wirklich leid tun, aber die Jury hatte in diesem Fall keine andere Wahl, als sich an das Reglement zu halten. Lukas w\u00e4re auch mit der Bronzemedaille mehr als zufrieden gewesen!<\/p>\n<p>Auch in der Gesamtwertung des \u00d6sterreichischen Nachwuchscups sicherte sich Lukas Grie\u00dfer den 3. Platz bei den U15 \u2013 und das in seinem ersten U15-Jahr! Bravo!<\/p>\n<p>Aus Inzinger Sicht waren auch noch 2 Junioren bei der \u00d6M Kriterium am Start. Florian Hirsch fuhr dabei \u00fcberhaupt erst sein 2. Kriterium! Er hielt sich angesichts eines h\u00f6llischen Tempos (der Weltmeister Felix Gall war unter anderem daf\u00fcr verantwortlich!) bis ca. \u00be des Rennens tadellos und stieg dann aber mit R\u00fcckenbeschwerden vom Rad. Elias Farbmacher hatte an diesem Tag die besseren Beine und kam als 19. ins Ziel.<\/p>\n","protected":false},"excerpt":{"rendered":"<p>Bei strahlendem Sonnenschein war Huben im \u00d6tztal Austragungsort der \u00d6M Kriterium in den Nachwuchsklassen. \u00c4u\u00dferst spannend verlief das Rennen bei den U15 f\u00fcr den Radclub \u00d6AMTC RAIKA BKD ASV Inzing: Lukas Grie\u00dfer -der Sieger vom Vortag in Inzing- geh\u00f6rte bei diesen Meisterschaften zumindest zum erweiterten Favoritenkreis. Auf dem ca. 1km langen Kriteriumkurs waren 20 Runden&hellip;&nbsp;<a href=\"https:\/\/rad.asvi.at\/?p=6381\" class=\"\" rel=\"bookmark\">Weiterlesen &raquo;<span class=\"screen-reader-text\">Lukas Grie\u00dfer holt sich in Huben im \u00d6tztal den \u00d6sterreichischen Vize-Meistertitel Kriterium<\/span><\/a><\/p>\n","protected":false},"author":2,"featured_media":6392,"comment_status":"open","ping_status":"closed","sticky":false,"template":"","format":"standard","meta":{"neve_meta_sidebar":"","neve_meta_container":"","neve_meta_enable_content_width":"","neve_meta_content_width":0,"neve_meta_title_alignment":"","neve_meta_author_avatar":"","neve_post_elements_order":"","neve_meta_disable_header":"","neve_meta_disable_footer":"","neve_meta_disable_title":"","footnotes":""},"categories":[9,11],"tags":[],"class_list":["post-6381","post","type-post","status-publish","format-standard","has-post-thumbnail","hentry","category-allgemein","category-rennsport"],"featured_image_urls":{"full":"","thumbnail":"","medium":"","medium_large":"","large":"","xl":"","xxl":"","xxxl":"","xxxxl":"","xxxxxl":"","1536x1536":"","2048x2048":"","neve-blog":""},"post_excerpt_stackable":"<p>Bei strahlendem Sonnenschein war Huben im \u00d6tztal Austragungsort der \u00d6M Kriterium in den Nachwuchsklassen. \u00c4u\u00dferst spannend verlief das Rennen bei den U15 f\u00fcr den Radclub \u00d6AMTC RAIKA BKD ASV Inzing: Lukas Grie\u00dfer -der Sieger vom Vortag in Inzing- geh\u00f6rte bei diesen Meisterschaften zumindest zum erweiterten Favoritenkreis. Auf dem ca. 1km langen Kriteriumkurs waren 20 Runden zu bew\u00e4ltigen und\u00a0 es fanden 10 Sprintwertungen statt. Das hie\u00df in jeder 2. Runde (!) eine Wertung! Dadurch wurde das Tempo w\u00e4hrend des gesamten Rennens sehr hoch gehalten und es galt, die Kr\u00e4fte richtig einzuteilen! Luks Grie\u00dfer machte seine Aufgabe sehr gut \u2013 er konnte&hellip;<\/p>\n","category_list":"<a href=\"https:\/\/rad.asvi.at\/?cat=9\" rel=\"category\">Allgemein<\/a>, <a href=\"https:\/\/rad.asvi.at\/?cat=11\" rel=\"category\">Rennsport<\/a>","author_info":{"name":"Roman","url":"https:\/\/rad.asvi.at\/?author=2"},"comments_num":"0 comments","_links":{"self":[{"href":"https:\/\/rad.asvi.at\/index.php?rest_route=\/wp\/v2\/posts\/6381","targetHints":{"allow":["GET"]}}],"collection":[{"href":"https:\/\/rad.asvi.at\/index.php?rest_route=\/wp\/v2\/posts"}],"about":[{"href":"https:\/\/rad.asvi.at\/index.php?rest_route=\/wp\/v2\/types\/post"}],"author":[{"embeddable":true,"href":"https:\/\/rad.asvi.at\/index.php?rest_route=\/wp\/v2\/users\/2"}],"replies":[{"embeddable":true,"href":"https:\/\/rad.asvi.at\/index.php?rest_route=%2Fwp%2Fv2%2Fcomments&post=6381"}],"version-history":[{"count":0,"href":"https:\/\/rad.asvi.at\/index.php?rest_route=\/wp\/v2\/posts\/6381\/revisions"}],"wp:featuredmedia":[{"embeddable":true,"href":"https:\/\/rad.asvi.at\/index.php?rest_route=\/"}],"wp:attachment":[{"href":"https:\/\/rad.asvi.at\/index.php?rest_route=%2Fwp%2Fv2%2Fmedia&parent=6381"}],"wp:term":[{"taxonomy":"category","embeddable":true,"href":"https:\/\/rad.asvi.at\/index.php?rest_route=%2Fwp%2Fv2%2Fcategories&post=6381"},{"taxonomy":"post_tag","embeddable":true,"href":"https:\/\/rad.asvi.at\/index.php?rest_route=%2Fwp%2Fv2%2Ftags&post=6381"}],"curies":[{"name":"wp","href":"https:\/\/api.w.org\/{rel}","templated":true}]}}