{"id":6424,"date":"2016-09-25T20:10:43","date_gmt":"2016-09-25T18:10:43","guid":{"rendered":"http:\/\/www.radclub-inzing.at\/?p=6424"},"modified":"2016-09-25T20:10:43","modified_gmt":"2016-09-25T18:10:43","slug":"gleich-2-siege-fur-inzings-racer-beim-saisonfinale-in-kolsasssa-24-09-2016","status":"publish","type":"post","link":"https:\/\/rad.asvi.at\/?p=6424","title":{"rendered":"Gleich 2 Siege f\u00fcr Inzings Racer beim Saisonfinale in Kolsass\/Sa 24.09.2016"},"content":{"rendered":"<p><strong><\/strong>Bei traumhaftem Herbstwetter stand heute das letzte Rennen des Tiroler MTB-CUP\u00b4s in Kolsass am Plan. Bei den U11 M\u00e4dchen ging <em><strong>Ramona Grie\u00dfer<\/strong><\/em> mit neuem Bike an den Start. Die U11 hatten eine lange anspruchsvolle Runde ( 2,6 km und 90 Hm ) zu bew\u00e4ltigen. Leider hatte Ramona heute kein Gl\u00fcck und kam gleich dreimal zu Sturz, lie\u00df sich aber nicht verunsichern und fuhr noch als dritte ins Ziel! Bei der Cup-Gesamtwertung landete sie sogar auf den tollen 2ten Platz.<\/p>\n<p><em><strong> Lukas Grie\u00dfer<\/strong><\/em> startete bei den U15 gemeinsam mit U17 und der Sportklasse mit seinem MTB-Trainer <em><strong>Andreas Rudigier!<\/strong><\/em> Die U15 mussten drei lange Runden (a 3,5 km und 400 Hm ) die Sportklasse 4 Runden radeln. Lukas und Andi erwischten einen guten Start, Lukas konnte die erste Runde sogar mit Andi mithalten und lag schon an 2ter Stelle. In der zweiten Runde gelang es Lukas am f\u00fchrenden Marco Schrettl am langen Anstieg vorbei zu ziehen und er gewann mit deutlichem Vorsprung auf Schrettl ( MTB Raicing Team Tirol ) und Ryan Hoendervangers ( Haibike Haiming ) sensationell sein erstes MTB Rennen.<\/p>\n<p>Dass das heute nicht der einzige Sieg f\u00fcr unseren Verein war, haben wir <em><strong>Andreas Rudigier<\/strong><\/em> (Sportklasse) zu verdanken, der die Sportklasse ebenfalls souver\u00e4n gewann!<\/p>\n<p>&nbsp;<\/p>\n","protected":false},"excerpt":{"rendered":"<p>Bei traumhaftem Herbstwetter stand heute das letzte Rennen des Tiroler MTB-CUP\u00b4s in Kolsass am Plan. Bei den U11 M\u00e4dchen ging Ramona Grie\u00dfer mit neuem Bike an den Start. Die U11 hatten eine lange anspruchsvolle Runde ( 2,6 km und 90 Hm ) zu bew\u00e4ltigen. Leider hatte Ramona heute kein Gl\u00fcck und kam gleich dreimal zu&hellip;&nbsp;<a href=\"https:\/\/rad.asvi.at\/?p=6424\" class=\"\" rel=\"bookmark\">Weiterlesen &raquo;<span class=\"screen-reader-text\">Gleich 2 Siege f\u00fcr Inzings Racer beim Saisonfinale in Kolsass\/Sa 24.09.2016<\/span><\/a><\/p>\n","protected":false},"author":2,"featured_media":6426,"comment_status":"open","ping_status":"closed","sticky":false,"template":"","format":"standard","meta":{"neve_meta_sidebar":"","neve_meta_container":"","neve_meta_enable_content_width":"","neve_meta_content_width":0,"neve_meta_title_alignment":"","neve_meta_author_avatar":"","neve_post_elements_order":"","neve_meta_disable_header":"","neve_meta_disable_footer":"","neve_meta_disable_title":"","footnotes":""},"categories":[9,11],"tags":[],"class_list":["post-6424","post","type-post","status-publish","format-standard","has-post-thumbnail","hentry","category-allgemein","category-rennsport"],"featured_image_urls":{"full":"","thumbnail":"","medium":"","medium_large":"","large":"","xl":"","xxl":"","xxxl":"","xxxxl":"","xxxxxl":"","1536x1536":"","2048x2048":"","neve-blog":""},"post_excerpt_stackable":"<p>Bei traumhaftem Herbstwetter stand heute das letzte Rennen des Tiroler MTB-CUP\u00b4s in Kolsass am Plan. Bei den U11 M\u00e4dchen ging Ramona Grie\u00dfer mit neuem Bike an den Start. Die U11 hatten eine lange anspruchsvolle Runde ( 2,6 km und 90 Hm ) zu bew\u00e4ltigen. Leider hatte Ramona heute kein Gl\u00fcck und kam gleich dreimal zu Sturz, lie\u00df sich aber nicht verunsichern und fuhr noch als dritte ins Ziel! Bei der Cup-Gesamtwertung landete sie sogar auf den tollen 2ten Platz. Lukas Grie\u00dfer startete bei den U15 gemeinsam mit U17 und der Sportklasse mit seinem MTB-Trainer Andreas Rudigier! Die U15 mussten drei&hellip;<\/p>\n","category_list":"<a href=\"https:\/\/rad.asvi.at\/?cat=9\" rel=\"category\">Allgemein<\/a>, <a href=\"https:\/\/rad.asvi.at\/?cat=11\" rel=\"category\">Rennsport<\/a>","author_info":{"name":"Roman","url":"https:\/\/rad.asvi.at\/?author=2"},"comments_num":"0 comments","_links":{"self":[{"href":"https:\/\/rad.asvi.at\/index.php?rest_route=\/wp\/v2\/posts\/6424","targetHints":{"allow":["GET"]}}],"collection":[{"href":"https:\/\/rad.asvi.at\/index.php?rest_route=\/wp\/v2\/posts"}],"about":[{"href":"https:\/\/rad.asvi.at\/index.php?rest_route=\/wp\/v2\/types\/post"}],"author":[{"embeddable":true,"href":"https:\/\/rad.asvi.at\/index.php?rest_route=\/wp\/v2\/users\/2"}],"replies":[{"embeddable":true,"href":"https:\/\/rad.asvi.at\/index.php?rest_route=%2Fwp%2Fv2%2Fcomments&post=6424"}],"version-history":[{"count":0,"href":"https:\/\/rad.asvi.at\/index.php?rest_route=\/wp\/v2\/posts\/6424\/revisions"}],"wp:featuredmedia":[{"embeddable":true,"href":"https:\/\/rad.asvi.at\/index.php?rest_route=\/"}],"wp:attachment":[{"href":"https:\/\/rad.asvi.at\/index.php?rest_route=%2Fwp%2Fv2%2Fmedia&parent=6424"}],"wp:term":[{"taxonomy":"category","embeddable":true,"href":"https:\/\/rad.asvi.at\/index.php?rest_route=%2Fwp%2Fv2%2Fcategories&post=6424"},{"taxonomy":"post_tag","embeddable":true,"href":"https:\/\/rad.asvi.at\/index.php?rest_route=%2Fwp%2Fv2%2Ftags&post=6424"}],"curies":[{"name":"wp","href":"https:\/\/api.w.org\/{rel}","templated":true}]}}