{"id":6436,"date":"2016-11-13T16:37:55","date_gmt":"2016-11-13T15:37:55","guid":{"rendered":"http:\/\/www.radclub-inzing.at\/?p=6436"},"modified":"2016-11-13T16:37:55","modified_gmt":"2016-11-13T15:37:55","slug":"30-jahre-radverein-inzing-jubilaumsfeier-mit-ruckblick","status":"publish","type":"post","link":"https:\/\/rad.asvi.at\/?p=6436","title":{"rendered":"30 Jahre Radverein Inzing &#8211; Jubil\u00e4umsfeier mit R\u00fcckblick"},"content":{"rendered":"<p>Am Freitag den 11.11. fand traditionell im GH Neurauter in Hatting die Jahresabschlussfeier des \u00d6AMTC RAIKA BKD ASV INZING statt. Im Beisein einiger Ehreng\u00e4ste (Sportausschussobmann der Gemeinde Inzing Hartwig Oberforcher, in Vertretung des ASV\u00d6 und \u00d6AMTC Walter Falch mit Gattin) wurde dabei auch das 30-j\u00e4hrige Bestandsjubil\u00e4um des Vereins in einem R\u00fcckblick geb\u00fchrend gefeiert. Heuer wurden einmal nicht nur die Rennfahrer f\u00fcr ihre herausragenden Leistungen geehrt, sondern auch verdiente Funktion\u00e4re des Vereins.<\/p>\n<p>In Abwesenheit der beiden ehemaligen Vereinsobm\u00e4nner <em><strong>Bernhard Kircher<\/strong><\/em> und <em><strong>Erich Pommer<\/strong><\/em> (beide w\u00e4ren nach ihrer langj\u00e4hriger F\u00fchrungsfunktion im Verein mit der h\u00f6chsten Anerkennung geehrt worden &#8211; haben aber leider abgesagt) wurde v.a. <em><strong>Irmgard Kircher<\/strong><\/em> f\u00fcr ihr 30-j\u00e4hriges unerm\u00fcdliches Engagement im Verein besonders geehrt. Sie erhielt die h\u00f6chste Auszeichnug &#8211; das <strong>&#8222;Goldene 11-er Kranzl mit Stein&#8220;<\/strong> (Irmgard war jahrelang an der Seite von Bernhard als dieser den Verein als Sektionsleiter 10 Jahre lang f\u00fchrte, bekleidete \u00fcber 15 Jahre lang das Amt der Kassierin, betreute all die Jahre bis an den heutigen Tag das Dressen-Lager des Vereins, dokumentiert seit den Anf\u00e4ngen alle Pressemeldungen, Fotos, Artikel etc. und ist nun schon seit 9 Jahren im Kernteam der Sektion mit ihrem Mann f\u00fcr die Vereinsveranstaltungen zust\u00e4ndig!).<\/p>\n<p>Weiters wurde <em><strong>Silvia Pfandler<\/strong> <\/em>nach ihrem R\u00fccktritt als Schriftf\u00fchrerin (9 Jahre) und f\u00fcr ihre langj\u00e4hrige Funktion\u00e4rst\u00e4tigkeit vor dieser Zeit (Kassierin), sowie f\u00fcr die langj\u00e4hrige Arbeit an der Seite ihres Mannes Siggi, die Hobbyausfahrten des Vereins zu organisieren, mit dem <strong>&#8222;Goldenen 11-er Kranzl<\/strong>&#8220; geehrt.<\/p>\n<p>Ebenfalls mit dem <strong>&#8222;Goldenen 11-er Kranzl&#8220;<\/strong> ausgezeichnet wurde <em><strong>Ulrich Melauner<\/strong><\/em>, der leider auch mit dem heurigen Jahr aus dem Vorstand zur\u00fccktritt und zwar f\u00fcr 9 Jahre vorbildliche Kassaf\u00fchrung als Kassier der Sektion Rad und nat\u00fcrlich auch f\u00fcr seinen Einsatz im Touristik 3er-Team gemeinsam mit Martin H\u00f6fer und Peter Riedl. In dieser Funktion bleibt er uns ja hoffentlich auch noch l\u00e4nger erhalten.<\/p>\n<p>Von den Rennfahrern bekam <em><strong>Lukas Grie\u00dfer<\/strong><\/em> (U15) f\u00fcr seine hervorragenden Leistungen in der abgelaufenen Wettkampfsaison (2 \u00d6M-Medaillen, 3. im \u00d6-Cup, etc.) eine kleine <strong>Leistungspr\u00e4mie<\/strong> \u00fcberreicht.<\/p>\n<p>In mehreren Pr\u00e4sentationen wurden die H\u00f6hepunkte der 30-j\u00e4hrigen Geschichte des Vereins noch einmal beleuchtet und zwar sowohl auf der Ebene des Rennsports, als auch von Seiten der Touristik. Schautafeln, mehrere Auflagen der einstigen Vereins-Zeitschrift &#8222;Rennrad&#8220;, Pressemappen etc. &#8211; mit zahlreichen Bildern aus vergangenen Tagen &#8211;\u00a0 veranschaulichten das lebendige Vereinsleben der Sektion Rad. Zum Abschluss wurde sozusagen als &#8222;nostalgischer H\u00f6hepunkt&#8220; auch noch Dias gezeigt, welche ganz besonders gut ankamen.<\/p>\n<p>Es wurde aber auch daran erinnert, dass der Gro\u00dfteil der Funktion\u00e4rsriege sp\u00e4testens mit Ablauf der n\u00e4chsten Amtsperiode (2017) ausscheidet und der Verein dringend auf der Suche nach j\u00fcngere Mitgliedern ist, mit der Bereitschaft im Vorstand mitzuarbeiten, um ihn sicher ins n\u00e4chste Jahrzehnt zu f\u00fchren.<\/p>\n<p>R\u00fcckblick:<a href=\"http:\/\/www.radclub-inzing.at\/?attachment_id=6437\" rel=\"attachment wp-att-6437\"> 30 Jahre Radverein Inzing Copy<\/a><\/p>\n<p>&nbsp;<\/p>\n<p>&nbsp;<\/p>\n","protected":false},"excerpt":{"rendered":"<p>Am Freitag den 11.11. fand traditionell im GH Neurauter in Hatting die Jahresabschlussfeier des \u00d6AMTC RAIKA BKD ASV INZING statt. Im Beisein einiger Ehreng\u00e4ste (Sportausschussobmann der Gemeinde Inzing Hartwig Oberforcher, in Vertretung des ASV\u00d6 und \u00d6AMTC Walter Falch mit Gattin) wurde dabei auch das 30-j\u00e4hrige Bestandsjubil\u00e4um des Vereins in einem R\u00fcckblick geb\u00fchrend gefeiert. Heuer wurden&hellip;&nbsp;<a href=\"https:\/\/rad.asvi.at\/?p=6436\" class=\"\" rel=\"bookmark\">Weiterlesen &raquo;<span class=\"screen-reader-text\">30 Jahre Radverein Inzing &#8211; Jubil\u00e4umsfeier mit R\u00fcckblick<\/span><\/a><\/p>\n","protected":false},"author":2,"featured_media":6448,"comment_status":"open","ping_status":"closed","sticky":false,"template":"","format":"standard","meta":{"neve_meta_sidebar":"","neve_meta_container":"","neve_meta_enable_content_width":"","neve_meta_content_width":0,"neve_meta_title_alignment":"","neve_meta_author_avatar":"","neve_post_elements_order":"","neve_meta_disable_header":"","neve_meta_disable_footer":"","neve_meta_disable_title":"","footnotes":""},"categories":[9,10,11],"tags":[],"class_list":["post-6436","post","type-post","status-publish","format-standard","has-post-thumbnail","hentry","category-allgemein","category-hobbysport","category-rennsport"],"featured_image_urls":{"full":"","thumbnail":"","medium":"","medium_large":"","large":"","xl":"","xxl":"","xxxl":"","xxxxl":"","xxxxxl":"","1536x1536":"","2048x2048":"","neve-blog":""},"post_excerpt_stackable":"<p>Am Freitag den 11.11. fand traditionell im GH Neurauter in Hatting die Jahresabschlussfeier des \u00d6AMTC RAIKA BKD ASV INZING statt. Im Beisein einiger Ehreng\u00e4ste (Sportausschussobmann der Gemeinde Inzing Hartwig Oberforcher, in Vertretung des ASV\u00d6 und \u00d6AMTC Walter Falch mit Gattin) wurde dabei auch das 30-j\u00e4hrige Bestandsjubil\u00e4um des Vereins in einem R\u00fcckblick geb\u00fchrend gefeiert. Heuer wurden einmal nicht nur die Rennfahrer f\u00fcr ihre herausragenden Leistungen geehrt, sondern auch verdiente Funktion\u00e4re des Vereins. In Abwesenheit der beiden ehemaligen Vereinsobm\u00e4nner Bernhard Kircher und Erich Pommer (beide w\u00e4ren nach ihrer langj\u00e4hriger F\u00fchrungsfunktion im Verein mit der h\u00f6chsten Anerkennung geehrt worden &#8211; haben aber leider&hellip;<\/p>\n","category_list":"<a href=\"https:\/\/rad.asvi.at\/?cat=9\" rel=\"category\">Allgemein<\/a>, <a href=\"https:\/\/rad.asvi.at\/?cat=10\" rel=\"category\">Hobbysport<\/a>, <a href=\"https:\/\/rad.asvi.at\/?cat=11\" rel=\"category\">Rennsport<\/a>","author_info":{"name":"Roman","url":"https:\/\/rad.asvi.at\/?author=2"},"comments_num":"0 comments","_links":{"self":[{"href":"https:\/\/rad.asvi.at\/index.php?rest_route=\/wp\/v2\/posts\/6436","targetHints":{"allow":["GET"]}}],"collection":[{"href":"https:\/\/rad.asvi.at\/index.php?rest_route=\/wp\/v2\/posts"}],"about":[{"href":"https:\/\/rad.asvi.at\/index.php?rest_route=\/wp\/v2\/types\/post"}],"author":[{"embeddable":true,"href":"https:\/\/rad.asvi.at\/index.php?rest_route=\/wp\/v2\/users\/2"}],"replies":[{"embeddable":true,"href":"https:\/\/rad.asvi.at\/index.php?rest_route=%2Fwp%2Fv2%2Fcomments&post=6436"}],"version-history":[{"count":0,"href":"https:\/\/rad.asvi.at\/index.php?rest_route=\/wp\/v2\/posts\/6436\/revisions"}],"wp:featuredmedia":[{"embeddable":true,"href":"https:\/\/rad.asvi.at\/index.php?rest_route=\/"}],"wp:attachment":[{"href":"https:\/\/rad.asvi.at\/index.php?rest_route=%2Fwp%2Fv2%2Fmedia&parent=6436"}],"wp:term":[{"taxonomy":"category","embeddable":true,"href":"https:\/\/rad.asvi.at\/index.php?rest_route=%2Fwp%2Fv2%2Fcategories&post=6436"},{"taxonomy":"post_tag","embeddable":true,"href":"https:\/\/rad.asvi.at\/index.php?rest_route=%2Fwp%2Fv2%2Ftags&post=6436"}],"curies":[{"name":"wp","href":"https:\/\/api.w.org\/{rel}","templated":true}]}}