{"id":6492,"date":"2017-04-23T19:46:04","date_gmt":"2017-04-23T17:46:04","guid":{"rendered":"http:\/\/www.radclub-inzing.at\/?p=6492"},"modified":"2017-04-23T19:46:04","modified_gmt":"2017-04-23T17:46:04","slug":"3-sieg-im-3-rennen-fur-lukas-grieser","status":"publish","type":"post","link":"https:\/\/rad.asvi.at\/?p=6492","title":{"rendered":"3. Sieg im 3. Rennen f\u00fcr Lukas Grie\u00dfer!"},"content":{"rendered":"<p>LANGKAMPFEN (bei Kufstein): Heute (23.04.) fand im Unterland traditionell das Er\u00f6ffnungsrennen des Tiroler Radnachwuchses statt. Unter der Federf\u00fchrung von G\u00fcnther Feuchtner (Tom Tailor W\u00f6rgl) geh\u00f6rt das Rennen schon seit vielen Jahren zum fixen Bestand des Rennkalenders. Das Rennen z\u00e4hlte zur TM-Stra\u00dfe und zum \u00d6sterreichischen Nachwuchcup! Bei fast schon winterlichen Temperaturen (6 Grad!) und regennasser Fahrbahn startete die Kategorie U15 (8 Runden zu je 3,8km) um 10:30 Uhr.<\/p>\n<p>Aus Inzinger Sicht besonders erfreulich der \u00fcberlegene Sieg von Lukas Grie\u00dfer (\u00d6AMTC RAIKA BKD ASV INZING) bei den U15 Fahrern. Wie schon bei den beiden Auftaktrennen (Ezf-Ybbs\/Kirschbl\u00fctenrennen-Wels) dominierte Lukas das starke Fahrerfeld beinahe nach Belieben: in der vierten von 8 Runden attackierte Lukas am Anstieg Richtung Zieldurchfahrt, sodass nur 2 Fahrer mitgehen konnten. Die 3 Mann Spitzengruppe fuhr dann bis 2 Runden vor dem Finale einen gro\u00dfen Vorsprung heraus, womit die Stockerlpl\u00e4tze eigentlich bereits vergeben waren. Am Anstieg zur vorletzten Runde dann abermals ein unwiderstehlicher Antritt von Lukas, dem die beiden anderen Ausrei\u00dfer nicht mehr folgen konnten. Lukas fuhr dann in den letzten 2 Runden noch ca. 20 sec. Vorsprung heraus und gewann das Rennen solo! Damit f\u00fchrt er nach 3 Siegen mit der max. Punktezahl auch in der \u00d6-Cup-Nachwuchswertung!<\/p>\n","protected":false},"excerpt":{"rendered":"<p>LANGKAMPFEN (bei Kufstein): Heute (23.04.) fand im Unterland traditionell das Er\u00f6ffnungsrennen des Tiroler Radnachwuchses statt. Unter der Federf\u00fchrung von G\u00fcnther Feuchtner (Tom Tailor W\u00f6rgl) geh\u00f6rt das Rennen schon seit vielen Jahren zum fixen Bestand des Rennkalenders. Das Rennen z\u00e4hlte zur TM-Stra\u00dfe und zum \u00d6sterreichischen Nachwuchcup! Bei fast schon winterlichen Temperaturen (6 Grad!) und regennasser Fahrbahn&hellip;&nbsp;<a href=\"https:\/\/rad.asvi.at\/?p=6492\" class=\"\" rel=\"bookmark\">Weiterlesen &raquo;<span class=\"screen-reader-text\">3. Sieg im 3. Rennen f\u00fcr Lukas Grie\u00dfer!<\/span><\/a><\/p>\n","protected":false},"author":2,"featured_media":6494,"comment_status":"open","ping_status":"closed","sticky":false,"template":"","format":"standard","meta":{"neve_meta_sidebar":"","neve_meta_container":"","neve_meta_enable_content_width":"","neve_meta_content_width":0,"neve_meta_title_alignment":"","neve_meta_author_avatar":"","neve_post_elements_order":"","neve_meta_disable_header":"","neve_meta_disable_footer":"","neve_meta_disable_title":"","footnotes":""},"categories":[9,11],"tags":[],"class_list":["post-6492","post","type-post","status-publish","format-standard","has-post-thumbnail","hentry","category-allgemein","category-rennsport"],"featured_image_urls":{"full":"","thumbnail":"","medium":"","medium_large":"","large":"","xl":"","xxl":"","xxxl":"","xxxxl":"","xxxxxl":"","1536x1536":"","2048x2048":"","neve-blog":""},"post_excerpt_stackable":"<p>LANGKAMPFEN (bei Kufstein): Heute (23.04.) fand im Unterland traditionell das Er\u00f6ffnungsrennen des Tiroler Radnachwuchses statt. Unter der Federf\u00fchrung von G\u00fcnther Feuchtner (Tom Tailor W\u00f6rgl) geh\u00f6rt das Rennen schon seit vielen Jahren zum fixen Bestand des Rennkalenders. Das Rennen z\u00e4hlte zur TM-Stra\u00dfe und zum \u00d6sterreichischen Nachwuchcup! Bei fast schon winterlichen Temperaturen (6 Grad!) und regennasser Fahrbahn startete die Kategorie U15 (8 Runden zu je 3,8km) um 10:30 Uhr. Aus Inzinger Sicht besonders erfreulich der \u00fcberlegene Sieg von Lukas Grie\u00dfer (\u00d6AMTC RAIKA BKD ASV INZING) bei den U15 Fahrern. Wie schon bei den beiden Auftaktrennen (Ezf-Ybbs\/Kirschbl\u00fctenrennen-Wels) dominierte Lukas das starke Fahrerfeld beinahe&hellip;<\/p>\n","category_list":"<a href=\"https:\/\/rad.asvi.at\/?cat=9\" rel=\"category\">Allgemein<\/a>, <a href=\"https:\/\/rad.asvi.at\/?cat=11\" rel=\"category\">Rennsport<\/a>","author_info":{"name":"Roman","url":"https:\/\/rad.asvi.at\/?author=2"},"comments_num":"0 comments","_links":{"self":[{"href":"https:\/\/rad.asvi.at\/index.php?rest_route=\/wp\/v2\/posts\/6492","targetHints":{"allow":["GET"]}}],"collection":[{"href":"https:\/\/rad.asvi.at\/index.php?rest_route=\/wp\/v2\/posts"}],"about":[{"href":"https:\/\/rad.asvi.at\/index.php?rest_route=\/wp\/v2\/types\/post"}],"author":[{"embeddable":true,"href":"https:\/\/rad.asvi.at\/index.php?rest_route=\/wp\/v2\/users\/2"}],"replies":[{"embeddable":true,"href":"https:\/\/rad.asvi.at\/index.php?rest_route=%2Fwp%2Fv2%2Fcomments&post=6492"}],"version-history":[{"count":0,"href":"https:\/\/rad.asvi.at\/index.php?rest_route=\/wp\/v2\/posts\/6492\/revisions"}],"wp:featuredmedia":[{"embeddable":true,"href":"https:\/\/rad.asvi.at\/index.php?rest_route=\/"}],"wp:attachment":[{"href":"https:\/\/rad.asvi.at\/index.php?rest_route=%2Fwp%2Fv2%2Fmedia&parent=6492"}],"wp:term":[{"taxonomy":"category","embeddable":true,"href":"https:\/\/rad.asvi.at\/index.php?rest_route=%2Fwp%2Fv2%2Fcategories&post=6492"},{"taxonomy":"post_tag","embeddable":true,"href":"https:\/\/rad.asvi.at\/index.php?rest_route=%2Fwp%2Fv2%2Ftags&post=6492"}],"curies":[{"name":"wp","href":"https:\/\/api.w.org\/{rel}","templated":true}]}}