{"id":6499,"date":"2017-05-07T21:19:42","date_gmt":"2017-05-07T19:19:42","guid":{"rendered":"http:\/\/www.radclub-inzing.at\/?p=6499"},"modified":"2017-05-07T21:19:42","modified_gmt":"2017-05-07T19:19:42","slug":"schwerer-trainingssturz-von-lukas-grieser-oberarm-gebrochen","status":"publish","type":"post","link":"https:\/\/rad.asvi.at\/?p=6499","title":{"rendered":"Schwerer Trainingssturz von Lukas Grie\u00dfer &#8211; Oberarm gebrochen!"},"content":{"rendered":"<p>Lukas Grie\u00dfer (U15) hatte heute in S\u00fcdtirol nach der Streckenbesichtigung f\u00fcr n\u00e4chste Woche (Palu di Giovo) bei einer Abfahrt im Fr\u00fchlingstal (bei Kaltern) einen kapitalen Sturz. Am Hinterrad seines Vaters \u00fcbersah er auf der holprigen Strasse ein Schlagloch, konnte nicht mehr gen\u00fcgend ausbalanzieren und landete so ungl\u00fccklich auf dem Asphalt, dass er sich den Oberarm brach! Das Aush\u00e4ngeschild des \u00d6AMTC RAIKA BKD ASV INZING wird heute noch auf der Klinik in Innsbruck operiert und f\u00e4llt voraussichtlich 6-8 Wochen aus. Das ist nat\u00fcrlich ziemlich bitter, denn Lukas h\u00e4tte sich n\u00e4chste Woche am Samstag in Deutschland (Sonthofen) und am Sonntag in Italien (Palu di Giovo) auch international einiges vorgenommen! Das ist aber alles Nebensache &#8211; das Wichtigste ist, dass nicht noch mehr passiert ist! Wir w\u00fcnschen dem &#8222;Luggi&#8220; auf diesem Weg eine baldige Genesung! Kopf hoch &#8211; die 2. Saisonh\u00e4lfte ist auch noch lang &#8211; da kannst du noch einige Rennen fahren!<\/p>\n","protected":false},"excerpt":{"rendered":"<p>Lukas Grie\u00dfer (U15) hatte heute in S\u00fcdtirol nach der Streckenbesichtigung f\u00fcr n\u00e4chste Woche (Palu di Giovo) bei einer Abfahrt im Fr\u00fchlingstal (bei Kaltern) einen kapitalen Sturz. Am Hinterrad seines Vaters \u00fcbersah er auf der holprigen Strasse ein Schlagloch, konnte nicht mehr gen\u00fcgend ausbalanzieren und landete so ungl\u00fccklich auf dem Asphalt, dass er sich den Oberarm&hellip;&nbsp;<a href=\"https:\/\/rad.asvi.at\/?p=6499\" class=\"\" rel=\"bookmark\">Weiterlesen &raquo;<span class=\"screen-reader-text\">Schwerer Trainingssturz von Lukas Grie\u00dfer &#8211; Oberarm gebrochen!<\/span><\/a><\/p>\n","protected":false},"author":2,"featured_media":6500,"comment_status":"open","ping_status":"closed","sticky":false,"template":"","format":"standard","meta":{"neve_meta_sidebar":"","neve_meta_container":"","neve_meta_enable_content_width":"","neve_meta_content_width":0,"neve_meta_title_alignment":"","neve_meta_author_avatar":"","neve_post_elements_order":"","neve_meta_disable_header":"","neve_meta_disable_footer":"","neve_meta_disable_title":"","footnotes":""},"categories":[9,11],"tags":[],"class_list":["post-6499","post","type-post","status-publish","format-standard","has-post-thumbnail","hentry","category-allgemein","category-rennsport"],"featured_image_urls":{"full":"","thumbnail":"","medium":"","medium_large":"","large":"","xl":"","xxl":"","xxxl":"","xxxxl":"","xxxxxl":"","1536x1536":"","2048x2048":"","neve-blog":""},"post_excerpt_stackable":"<p>Lukas Grie\u00dfer (U15) hatte heute in S\u00fcdtirol nach der Streckenbesichtigung f\u00fcr n\u00e4chste Woche (Palu di Giovo) bei einer Abfahrt im Fr\u00fchlingstal (bei Kaltern) einen kapitalen Sturz. Am Hinterrad seines Vaters \u00fcbersah er auf der holprigen Strasse ein Schlagloch, konnte nicht mehr gen\u00fcgend ausbalanzieren und landete so ungl\u00fccklich auf dem Asphalt, dass er sich den Oberarm brach! Das Aush\u00e4ngeschild des \u00d6AMTC RAIKA BKD ASV INZING wird heute noch auf der Klinik in Innsbruck operiert und f\u00e4llt voraussichtlich 6-8 Wochen aus. Das ist nat\u00fcrlich ziemlich bitter, denn Lukas h\u00e4tte sich n\u00e4chste Woche am Samstag in Deutschland (Sonthofen) und am Sonntag in Italien&hellip;<\/p>\n","category_list":"<a href=\"https:\/\/rad.asvi.at\/?cat=9\" rel=\"category\">Allgemein<\/a>, <a href=\"https:\/\/rad.asvi.at\/?cat=11\" rel=\"category\">Rennsport<\/a>","author_info":{"name":"Roman","url":"https:\/\/rad.asvi.at\/?author=2"},"comments_num":"0 comments","_links":{"self":[{"href":"https:\/\/rad.asvi.at\/index.php?rest_route=\/wp\/v2\/posts\/6499","targetHints":{"allow":["GET"]}}],"collection":[{"href":"https:\/\/rad.asvi.at\/index.php?rest_route=\/wp\/v2\/posts"}],"about":[{"href":"https:\/\/rad.asvi.at\/index.php?rest_route=\/wp\/v2\/types\/post"}],"author":[{"embeddable":true,"href":"https:\/\/rad.asvi.at\/index.php?rest_route=\/wp\/v2\/users\/2"}],"replies":[{"embeddable":true,"href":"https:\/\/rad.asvi.at\/index.php?rest_route=%2Fwp%2Fv2%2Fcomments&post=6499"}],"version-history":[{"count":0,"href":"https:\/\/rad.asvi.at\/index.php?rest_route=\/wp\/v2\/posts\/6499\/revisions"}],"wp:featuredmedia":[{"embeddable":true,"href":"https:\/\/rad.asvi.at\/index.php?rest_route=\/"}],"wp:attachment":[{"href":"https:\/\/rad.asvi.at\/index.php?rest_route=%2Fwp%2Fv2%2Fmedia&parent=6499"}],"wp:term":[{"taxonomy":"category","embeddable":true,"href":"https:\/\/rad.asvi.at\/index.php?rest_route=%2Fwp%2Fv2%2Fcategories&post=6499"},{"taxonomy":"post_tag","embeddable":true,"href":"https:\/\/rad.asvi.at\/index.php?rest_route=%2Fwp%2Fv2%2Ftags&post=6499"}],"curies":[{"name":"wp","href":"https:\/\/api.w.org\/{rel}","templated":true}]}}