{"id":6543,"date":"2017-05-21T22:00:28","date_gmt":"2017-05-21T20:00:28","guid":{"rendered":"http:\/\/www.radclub-inzing.at\/?p=6543"},"modified":"2017-05-21T22:00:28","modified_gmt":"2017-05-21T20:00:28","slug":"radtrainingswoche-mallorca","status":"publish","type":"post","link":"https:\/\/rad.asvi.at\/?p=6543","title":{"rendered":"Radtrainingswoche Mallorca"},"content":{"rendered":"<p>&nbsp;<\/p>\n<p>&nbsp;<\/p>\n<p>&nbsp;<\/p>\n<p>Die heurige Radwoche war (wie immer!) ein voller Erfolg!<\/p>\n<p>Sch\u00f6nes Wetter bei herrlichen Temperaturen, t\u00e4glich sch\u00f6ne anspruchsvolle Radtouren<br \/>\nzu den sch\u00f6nsten Pl\u00e4tzen Mallorcas\u00a0und\u00a0nat\u00fcrlich die abendliche Geselligkeit durfte nicht fehlen.<br \/>\nDer Zustand der Stra\u00dfen und das Hotel waren einfach &#8211; Spitze !!<\/p>\n<p>Nochmal vielen Dank an Peter und Martin f\u00fcr die Routenplanungen und vor allem f\u00fcr das<br \/>\nf\u00fchren der\u00a0Touren !<\/p>\n<p>&nbsp;<\/p>\n<p>&nbsp;<\/p>\n","protected":false},"excerpt":{"rendered":"<p>&nbsp; &nbsp; &nbsp; Die heurige Radwoche war (wie immer!) ein voller Erfolg! Sch\u00f6nes Wetter bei herrlichen Temperaturen, t\u00e4glich sch\u00f6ne anspruchsvolle Radtouren zu den sch\u00f6nsten Pl\u00e4tzen Mallorcas\u00a0und\u00a0nat\u00fcrlich die abendliche Geselligkeit durfte nicht fehlen. Der Zustand der Stra\u00dfen und das Hotel waren einfach &#8211; Spitze !! Nochmal vielen Dank an Peter und Martin f\u00fcr die Routenplanungen und&hellip;&nbsp;<a href=\"https:\/\/rad.asvi.at\/?p=6543\" class=\"\" rel=\"bookmark\">Weiterlesen &raquo;<span class=\"screen-reader-text\">Radtrainingswoche Mallorca<\/span><\/a><\/p>\n","protected":false},"author":2,"featured_media":6542,"comment_status":"open","ping_status":"closed","sticky":false,"template":"","format":"standard","meta":{"neve_meta_sidebar":"","neve_meta_container":"","neve_meta_enable_content_width":"","neve_meta_content_width":0,"neve_meta_title_alignment":"","neve_meta_author_avatar":"","neve_post_elements_order":"","neve_meta_disable_header":"","neve_meta_disable_footer":"","neve_meta_disable_title":"","footnotes":""},"categories":[9,10],"tags":[],"class_list":["post-6543","post","type-post","status-publish","format-standard","has-post-thumbnail","hentry","category-allgemein","category-hobbysport"],"featured_image_urls":{"full":"","thumbnail":"","medium":"","medium_large":"","large":"","xl":"","xxl":"","xxxl":"","xxxxl":"","xxxxxl":"","1536x1536":"","2048x2048":"","neve-blog":""},"post_excerpt_stackable":"<p>&nbsp; &nbsp; &nbsp; Die heurige Radwoche war (wie immer!) ein voller Erfolg! Sch\u00f6nes Wetter bei herrlichen Temperaturen, t\u00e4glich sch\u00f6ne anspruchsvolle Radtouren zu den sch\u00f6nsten Pl\u00e4tzen Mallorcas\u00a0und\u00a0nat\u00fcrlich die abendliche Geselligkeit durfte nicht fehlen. Der Zustand der Stra\u00dfen und das Hotel waren einfach &#8211; Spitze !! Nochmal vielen Dank an Peter und Martin f\u00fcr die Routenplanungen und vor allem f\u00fcr das f\u00fchren der\u00a0Touren ! &nbsp; &nbsp;<\/p>\n","category_list":"<a href=\"https:\/\/rad.asvi.at\/?cat=9\" rel=\"category\">Allgemein<\/a>, <a href=\"https:\/\/rad.asvi.at\/?cat=10\" rel=\"category\">Hobbysport<\/a>","author_info":{"name":"Roman","url":"https:\/\/rad.asvi.at\/?author=2"},"comments_num":"0 comments","_links":{"self":[{"href":"https:\/\/rad.asvi.at\/index.php?rest_route=\/wp\/v2\/posts\/6543","targetHints":{"allow":["GET"]}}],"collection":[{"href":"https:\/\/rad.asvi.at\/index.php?rest_route=\/wp\/v2\/posts"}],"about":[{"href":"https:\/\/rad.asvi.at\/index.php?rest_route=\/wp\/v2\/types\/post"}],"author":[{"embeddable":true,"href":"https:\/\/rad.asvi.at\/index.php?rest_route=\/wp\/v2\/users\/2"}],"replies":[{"embeddable":true,"href":"https:\/\/rad.asvi.at\/index.php?rest_route=%2Fwp%2Fv2%2Fcomments&post=6543"}],"version-history":[{"count":0,"href":"https:\/\/rad.asvi.at\/index.php?rest_route=\/wp\/v2\/posts\/6543\/revisions"}],"wp:featuredmedia":[{"embeddable":true,"href":"https:\/\/rad.asvi.at\/index.php?rest_route=\/"}],"wp:attachment":[{"href":"https:\/\/rad.asvi.at\/index.php?rest_route=%2Fwp%2Fv2%2Fmedia&parent=6543"}],"wp:term":[{"taxonomy":"category","embeddable":true,"href":"https:\/\/rad.asvi.at\/index.php?rest_route=%2Fwp%2Fv2%2Fcategories&post=6543"},{"taxonomy":"post_tag","embeddable":true,"href":"https:\/\/rad.asvi.at\/index.php?rest_route=%2Fwp%2Fv2%2Ftags&post=6543"}],"curies":[{"name":"wp","href":"https:\/\/api.w.org\/{rel}","templated":true}]}}