{"id":6572,"date":"2017-05-22T17:30:05","date_gmt":"2017-05-22T15:30:05","guid":{"rendered":"http:\/\/www.radclub-inzing.at\/?p=6572"},"modified":"2017-05-22T17:30:05","modified_gmt":"2017-05-22T15:30:05","slug":"ramona-grieser-wird-2-am-achenseejunioren-bei-om-kriterium-im-einsatz","status":"publish","type":"post","link":"https:\/\/rad.asvi.at\/?p=6572","title":{"rendered":"Ramona Grie\u00dfer wird 2. am Achensee\/Junioren bei \u00d6M-Kriterium im Einsatz"},"content":{"rendered":"<p><strong><span style=\"text-decoration: underline;\">Samstag 20.05.:\u00a0 Achensee XC-Tiroler MTB-Cup\/ \u00d6M-Kriterium-Grafenbach\/N\u00d6<\/span><\/strong><\/p>\n<p>Am letzten Samstag ging das zweite Rennen vom Tiroler MTB-Cup am Achensee (Kids Race Achensee) \u00fcber die B\u00fchne. Bei sehr k\u00fchlen Temperaturen, aber trocken, startete Ramona Grie\u00dfer vom \u00d6AMTC RAIKA BKD ASV INZING (U11) mit weiteren 12 Burschen und 5 M\u00e4dchen in die heurige Rennsaison. Beim Start sehr gut weg gekommen, wurde sie dann leider von den Burschen leicht abgedr\u00e4ngt und landete im Weidezaun, musste sich erst wieder vom Zaun befreien und startete weit abgeschlagen ihre tolle Aufholjagd. Runde um Runde k\u00e4mpfte sie sich nach vorne und konnte so noch auf den 2ten Platz radeln!<\/p>\n<p>Zur gleichen Zeit k\u00e4mpften die Inzinger Junioren Elias Farbmacher und Florian Hirsch im nieder\u00f6sterreichischen Grafenbach um \u00d6sterreichische Meisterschaftsehren\u00a0 im Kriterium. Nach dem krankheitsbedingten Ausfall in Langkampfen, war es f\u00fcr sie das erste Kriterium der Saison. Beide kamen\u00a0 zwar nicht in die Punkter\u00e4nge, konnten das Rennen aber immerhin ausfahren. Am Sonntag folgte noch ein 72 km langes Stra\u00dfenrennen, das allerdings beide Junioren nicht beendeten.<\/p>\n<p>&nbsp;<\/p>\n","protected":false},"excerpt":{"rendered":"<p>Samstag 20.05.:\u00a0 Achensee XC-Tiroler MTB-Cup\/ \u00d6M-Kriterium-Grafenbach\/N\u00d6 Am letzten Samstag ging das zweite Rennen vom Tiroler MTB-Cup am Achensee (Kids Race Achensee) \u00fcber die B\u00fchne. Bei sehr k\u00fchlen Temperaturen, aber trocken, startete Ramona Grie\u00dfer vom \u00d6AMTC RAIKA BKD ASV INZING (U11) mit weiteren 12 Burschen und 5 M\u00e4dchen in die heurige Rennsaison. Beim Start sehr gut&hellip;&nbsp;<a href=\"https:\/\/rad.asvi.at\/?p=6572\" class=\"\" rel=\"bookmark\">Weiterlesen &raquo;<span class=\"screen-reader-text\">Ramona Grie\u00dfer wird 2. am Achensee\/Junioren bei \u00d6M-Kriterium im Einsatz<\/span><\/a><\/p>\n","protected":false},"author":2,"featured_media":6573,"comment_status":"open","ping_status":"closed","sticky":false,"template":"","format":"standard","meta":{"neve_meta_sidebar":"","neve_meta_container":"","neve_meta_enable_content_width":"","neve_meta_content_width":0,"neve_meta_title_alignment":"","neve_meta_author_avatar":"","neve_post_elements_order":"","neve_meta_disable_header":"","neve_meta_disable_footer":"","neve_meta_disable_title":"","footnotes":""},"categories":[9,11],"tags":[],"class_list":["post-6572","post","type-post","status-publish","format-standard","has-post-thumbnail","hentry","category-allgemein","category-rennsport"],"featured_image_urls":{"full":"","thumbnail":"","medium":"","medium_large":"","large":"","xl":"","xxl":"","xxxl":"","xxxxl":"","xxxxxl":"","1536x1536":"","2048x2048":"","neve-blog":""},"post_excerpt_stackable":"<p>Samstag 20.05.:\u00a0 Achensee XC-Tiroler MTB-Cup\/ \u00d6M-Kriterium-Grafenbach\/N\u00d6 Am letzten Samstag ging das zweite Rennen vom Tiroler MTB-Cup am Achensee (Kids Race Achensee) \u00fcber die B\u00fchne. Bei sehr k\u00fchlen Temperaturen, aber trocken, startete Ramona Grie\u00dfer vom \u00d6AMTC RAIKA BKD ASV INZING (U11) mit weiteren 12 Burschen und 5 M\u00e4dchen in die heurige Rennsaison. Beim Start sehr gut weg gekommen, wurde sie dann leider von den Burschen leicht abgedr\u00e4ngt und landete im Weidezaun, musste sich erst wieder vom Zaun befreien und startete weit abgeschlagen ihre tolle Aufholjagd. Runde um Runde k\u00e4mpfte sie sich nach vorne und konnte so noch auf den 2ten Platz&hellip;<\/p>\n","category_list":"<a href=\"https:\/\/rad.asvi.at\/?cat=9\" rel=\"category\">Allgemein<\/a>, <a href=\"https:\/\/rad.asvi.at\/?cat=11\" rel=\"category\">Rennsport<\/a>","author_info":{"name":"Roman","url":"https:\/\/rad.asvi.at\/?author=2"},"comments_num":"0 comments","_links":{"self":[{"href":"https:\/\/rad.asvi.at\/index.php?rest_route=\/wp\/v2\/posts\/6572","targetHints":{"allow":["GET"]}}],"collection":[{"href":"https:\/\/rad.asvi.at\/index.php?rest_route=\/wp\/v2\/posts"}],"about":[{"href":"https:\/\/rad.asvi.at\/index.php?rest_route=\/wp\/v2\/types\/post"}],"author":[{"embeddable":true,"href":"https:\/\/rad.asvi.at\/index.php?rest_route=\/wp\/v2\/users\/2"}],"replies":[{"embeddable":true,"href":"https:\/\/rad.asvi.at\/index.php?rest_route=%2Fwp%2Fv2%2Fcomments&post=6572"}],"version-history":[{"count":0,"href":"https:\/\/rad.asvi.at\/index.php?rest_route=\/wp\/v2\/posts\/6572\/revisions"}],"wp:featuredmedia":[{"embeddable":true,"href":"https:\/\/rad.asvi.at\/index.php?rest_route=\/"}],"wp:attachment":[{"href":"https:\/\/rad.asvi.at\/index.php?rest_route=%2Fwp%2Fv2%2Fmedia&parent=6572"}],"wp:term":[{"taxonomy":"category","embeddable":true,"href":"https:\/\/rad.asvi.at\/index.php?rest_route=%2Fwp%2Fv2%2Fcategories&post=6572"},{"taxonomy":"post_tag","embeddable":true,"href":"https:\/\/rad.asvi.at\/index.php?rest_route=%2Fwp%2Fv2%2Ftags&post=6572"}],"curies":[{"name":"wp","href":"https:\/\/api.w.org\/{rel}","templated":true}]}}