{"id":6692,"date":"2017-06-25T19:39:31","date_gmt":"2017-06-25T17:39:31","guid":{"rendered":"http:\/\/www.radclub-inzing.at\/?p=6692"},"modified":"2017-06-25T19:39:31","modified_gmt":"2017-06-25T17:39:31","slug":"inzings-junioren-bei-lz-einsatz-in-italien-stark","status":"publish","type":"post","link":"https:\/\/rad.asvi.at\/?p=6692","title":{"rendered":"Inzings Junioren bei LZ-Einsatz in Italien stark!"},"content":{"rendered":"<p><strong>Palu di Giovo\/\u201cTrofeo Cantine Moser\u201c<br \/>\n<\/strong><\/p>\n<p>Beim Renneinsatz vom LZ Tirol waren <strong><em>Mario Gamper, Florian Gamper, Amann Dominik, Siller Tom, Hirsch Florian <\/em><\/strong>und<strong><em> Farbmacher Elias <\/em><\/strong>am Start.<\/p>\n<p>Die Aufgabe der Sportler war in einer Spitzengruppe vertreten zu sein und f\u00fcr einen Rennfahrer der sich am besten f\u00fchlt die Arbeit zu erledigen, damit dieser im Finale noch die n\u00f6tigen Kr\u00e4fte hat.<\/p>\n<p>Mario, Florian und Dominik waren in einer 19 k\u00f6pfigen Spitzengruppe und machten das Tempo, so waren bald 2 min Vorsprung erreicht. Beim ersten l\u00e4ngeren Anstieg konnte Dominik dem hohen Tempo nicht mehr standhalten und es verringerte sich die Gruppe auf 8 Fahrer. Florian machte f\u00fcr Mario das Tempo und konterte alle Attacken und gewann mit seiner aktiven Fahrweise die Bergwertung. Mario konnte sich die K\u00f6rner f\u00fcr die letzte Runde sparen und fuhr noch mit zwei weiteren Fahrern in die letzte Abfahrt. Im Schlussanstieg gewann er dann souver\u00e4n das Rennen.<\/p>\n<p>Florian wurde toller 8.\u00a0 Amann Dominik 27, Hirsch Florian 38.\u00a0 Siller Tom und Farbmacher Elias fuhren ebenfalls ein beherztes Rennen, wurden aber leider 4km vor der Zielankunft aus dem Rennen genommen.<\/p>\n<p>Wir bedanken uns ganz besonders bei Manfred Gamper, Heinz Zanon und Siller Tom sen. f\u00fcr die super Betreuung!!!<\/p>\n<p><em>P.S.: Ein ganz besonderes Erlebnis war f\u00fcr die Tiroler Auswahl, dass sie zum Mittagessen beim Bruder des legend\u00e4ren Francesco Moser eingeladen waren (siehe Bild\/Organisiert von Heinz Zanon!)<\/em><\/p>\n<p>&nbsp;<\/p>\n<p>&nbsp;<\/p>\n<p>&nbsp;<\/p>\n","protected":false},"excerpt":{"rendered":"<p>Palu di Giovo\/\u201cTrofeo Cantine Moser\u201c Beim Renneinsatz vom LZ Tirol waren Mario Gamper, Florian Gamper, Amann Dominik, Siller Tom, Hirsch Florian und Farbmacher Elias am Start. Die Aufgabe der Sportler war in einer Spitzengruppe vertreten zu sein und f\u00fcr einen Rennfahrer der sich am besten f\u00fchlt die Arbeit zu erledigen, damit dieser im Finale noch&hellip;&nbsp;<a href=\"https:\/\/rad.asvi.at\/?p=6692\" class=\"\" rel=\"bookmark\">Weiterlesen &raquo;<span class=\"screen-reader-text\">Inzings Junioren bei LZ-Einsatz in Italien stark!<\/span><\/a><\/p>\n","protected":false},"author":2,"featured_media":6694,"comment_status":"open","ping_status":"closed","sticky":false,"template":"","format":"standard","meta":{"neve_meta_sidebar":"","neve_meta_container":"","neve_meta_enable_content_width":"","neve_meta_content_width":0,"neve_meta_title_alignment":"","neve_meta_author_avatar":"","neve_post_elements_order":"","neve_meta_disable_header":"","neve_meta_disable_footer":"","neve_meta_disable_title":"","footnotes":""},"categories":[9,11],"tags":[],"class_list":["post-6692","post","type-post","status-publish","format-standard","has-post-thumbnail","hentry","category-allgemein","category-rennsport"],"featured_image_urls":{"full":"","thumbnail":"","medium":"","medium_large":"","large":"","xl":"","xxl":"","xxxl":"","xxxxl":"","xxxxxl":"","1536x1536":"","2048x2048":"","neve-blog":""},"post_excerpt_stackable":"<p>Palu di Giovo\/\u201cTrofeo Cantine Moser\u201c Beim Renneinsatz vom LZ Tirol waren Mario Gamper, Florian Gamper, Amann Dominik, Siller Tom, Hirsch Florian und Farbmacher Elias am Start. Die Aufgabe der Sportler war in einer Spitzengruppe vertreten zu sein und f\u00fcr einen Rennfahrer der sich am besten f\u00fchlt die Arbeit zu erledigen, damit dieser im Finale noch die n\u00f6tigen Kr\u00e4fte hat. Mario, Florian und Dominik waren in einer 19 k\u00f6pfigen Spitzengruppe und machten das Tempo, so waren bald 2 min Vorsprung erreicht. Beim ersten l\u00e4ngeren Anstieg konnte Dominik dem hohen Tempo nicht mehr standhalten und es verringerte sich die Gruppe auf 8&hellip;<\/p>\n","category_list":"<a href=\"https:\/\/rad.asvi.at\/?cat=9\" rel=\"category\">Allgemein<\/a>, <a href=\"https:\/\/rad.asvi.at\/?cat=11\" rel=\"category\">Rennsport<\/a>","author_info":{"name":"Roman","url":"https:\/\/rad.asvi.at\/?author=2"},"comments_num":"0 comments","_links":{"self":[{"href":"https:\/\/rad.asvi.at\/index.php?rest_route=\/wp\/v2\/posts\/6692","targetHints":{"allow":["GET"]}}],"collection":[{"href":"https:\/\/rad.asvi.at\/index.php?rest_route=\/wp\/v2\/posts"}],"about":[{"href":"https:\/\/rad.asvi.at\/index.php?rest_route=\/wp\/v2\/types\/post"}],"author":[{"embeddable":true,"href":"https:\/\/rad.asvi.at\/index.php?rest_route=\/wp\/v2\/users\/2"}],"replies":[{"embeddable":true,"href":"https:\/\/rad.asvi.at\/index.php?rest_route=%2Fwp%2Fv2%2Fcomments&post=6692"}],"version-history":[{"count":0,"href":"https:\/\/rad.asvi.at\/index.php?rest_route=\/wp\/v2\/posts\/6692\/revisions"}],"wp:featuredmedia":[{"embeddable":true,"href":"https:\/\/rad.asvi.at\/index.php?rest_route=\/"}],"wp:attachment":[{"href":"https:\/\/rad.asvi.at\/index.php?rest_route=%2Fwp%2Fv2%2Fmedia&parent=6692"}],"wp:term":[{"taxonomy":"category","embeddable":true,"href":"https:\/\/rad.asvi.at\/index.php?rest_route=%2Fwp%2Fv2%2Fcategories&post=6692"},{"taxonomy":"post_tag","embeddable":true,"href":"https:\/\/rad.asvi.at\/index.php?rest_route=%2Fwp%2Fv2%2Ftags&post=6692"}],"curies":[{"name":"wp","href":"https:\/\/api.w.org\/{rel}","templated":true}]}}