{"id":6698,"date":"2017-06-25T20:03:47","date_gmt":"2017-06-25T18:03:47","guid":{"rendered":"http:\/\/www.radclub-inzing.at\/?p=6698"},"modified":"2017-06-25T20:03:47","modified_gmt":"2017-06-25T18:03:47","slug":"bronze-fur-lukas-grieser-bei-der-om-strase","status":"publish","type":"post","link":"https:\/\/rad.asvi.at\/?p=6698","title":{"rendered":"Bronze f\u00fcr Lukas Grie\u00dfer bei der \u00d6M-Stra\u00dfe"},"content":{"rendered":"<p>G\u00f6ssendorf\/Stm: Letzte Woche fanden in G\u00f6ssendorf in N\u00d6 die \u00d6sterreichischen Meisterschaften Stra\u00dfe in den Nachwuchskategorien statt. Nach fast 2 monatiger verletzungsbedingter Pause (Oberarmbruch) startete Lukas Grie\u00dfer (u15) zum ersten Mal wieder rennm\u00e4\u00dfig auf der Stra\u00dfe. Dabei pr\u00e4sentierte er sich b\u00e4renstark wie eh und je. Auf dem flachen, wenig anspruchsvollen Kurs attackierte er mehrmals und 3 Runden vor Schluss bildete sich deshalb auch eine 3 Mann Spitzengruppe, die bald einen Vorsprung von mehr als 40 sec. herausfahren konnte. Obwohl Lukas der St\u00e4rkste Mann war \u2013er f\u00fchrte weit mehr als die beiden anderen- musste er sich im Zielsprint geschlagen geben. Dem anf\u00e4nglichen Frust, nicht gewonnen zu haben, wich dann doch bald die Freude wieder dabei sein zu d\u00fcrfen und zumindest eine Medaille geholt zu haben.<\/p>\n<p>Bei den Junioren waren aus Inzinger Sicht auch noch Florian Hirsch und Elias Farbmacher am Start. Nach der grandiosen Vorstellung in Italien im Team des Leistungszentrums Tirol, wo ein schwieriger Kurs mit etlichen H\u00f6henmetern zu bew\u00e4ltigen war, erwartete die Junioren diesmal das Gegenteil, n\u00e4mlich ein &#8222;brettelebener&#8220; Kurs. Die Erwartungshaltung war angesichts dieser Tatsache deshalb auch nicht besonders gro\u00df. Die beiden Junioren fuhren aber trotzdem eine ansprechende \u00d6M auf der Stra\u00dfe. Medaillenchancen hatten aber beide keine. Elias beendete das Rennen im Hauptfeld und Florian hatte Pech, da er 3 Runden vor Schluss einen \u201ePlatten\u201c hatte.<\/p>\n","protected":false},"excerpt":{"rendered":"<p>G\u00f6ssendorf\/Stm: Letzte Woche fanden in G\u00f6ssendorf in N\u00d6 die \u00d6sterreichischen Meisterschaften Stra\u00dfe in den Nachwuchskategorien statt. Nach fast 2 monatiger verletzungsbedingter Pause (Oberarmbruch) startete Lukas Grie\u00dfer (u15) zum ersten Mal wieder rennm\u00e4\u00dfig auf der Stra\u00dfe. Dabei pr\u00e4sentierte er sich b\u00e4renstark wie eh und je. Auf dem flachen, wenig anspruchsvollen Kurs attackierte er mehrmals und 3&hellip;&nbsp;<a href=\"https:\/\/rad.asvi.at\/?p=6698\" class=\"\" rel=\"bookmark\">Weiterlesen &raquo;<span class=\"screen-reader-text\">Bronze f\u00fcr Lukas Grie\u00dfer bei der \u00d6M-Stra\u00dfe<\/span><\/a><\/p>\n","protected":false},"author":2,"featured_media":6701,"comment_status":"open","ping_status":"closed","sticky":false,"template":"","format":"standard","meta":{"neve_meta_sidebar":"","neve_meta_container":"","neve_meta_enable_content_width":"","neve_meta_content_width":0,"neve_meta_title_alignment":"","neve_meta_author_avatar":"","neve_post_elements_order":"","neve_meta_disable_header":"","neve_meta_disable_footer":"","neve_meta_disable_title":"","footnotes":""},"categories":[9,11],"tags":[],"class_list":["post-6698","post","type-post","status-publish","format-standard","has-post-thumbnail","hentry","category-allgemein","category-rennsport"],"featured_image_urls":{"full":"","thumbnail":"","medium":"","medium_large":"","large":"","xl":"","xxl":"","xxxl":"","xxxxl":"","xxxxxl":"","1536x1536":"","2048x2048":"","neve-blog":""},"post_excerpt_stackable":"<p>G\u00f6ssendorf\/Stm: Letzte Woche fanden in G\u00f6ssendorf in N\u00d6 die \u00d6sterreichischen Meisterschaften Stra\u00dfe in den Nachwuchskategorien statt. Nach fast 2 monatiger verletzungsbedingter Pause (Oberarmbruch) startete Lukas Grie\u00dfer (u15) zum ersten Mal wieder rennm\u00e4\u00dfig auf der Stra\u00dfe. Dabei pr\u00e4sentierte er sich b\u00e4renstark wie eh und je. Auf dem flachen, wenig anspruchsvollen Kurs attackierte er mehrmals und 3 Runden vor Schluss bildete sich deshalb auch eine 3 Mann Spitzengruppe, die bald einen Vorsprung von mehr als 40 sec. herausfahren konnte. Obwohl Lukas der St\u00e4rkste Mann war \u2013er f\u00fchrte weit mehr als die beiden anderen- musste er sich im Zielsprint geschlagen geben. Dem anf\u00e4nglichen&hellip;<\/p>\n","category_list":"<a href=\"https:\/\/rad.asvi.at\/?cat=9\" rel=\"category\">Allgemein<\/a>, <a href=\"https:\/\/rad.asvi.at\/?cat=11\" rel=\"category\">Rennsport<\/a>","author_info":{"name":"Roman","url":"https:\/\/rad.asvi.at\/?author=2"},"comments_num":"0 comments","_links":{"self":[{"href":"https:\/\/rad.asvi.at\/index.php?rest_route=\/wp\/v2\/posts\/6698","targetHints":{"allow":["GET"]}}],"collection":[{"href":"https:\/\/rad.asvi.at\/index.php?rest_route=\/wp\/v2\/posts"}],"about":[{"href":"https:\/\/rad.asvi.at\/index.php?rest_route=\/wp\/v2\/types\/post"}],"author":[{"embeddable":true,"href":"https:\/\/rad.asvi.at\/index.php?rest_route=\/wp\/v2\/users\/2"}],"replies":[{"embeddable":true,"href":"https:\/\/rad.asvi.at\/index.php?rest_route=%2Fwp%2Fv2%2Fcomments&post=6698"}],"version-history":[{"count":0,"href":"https:\/\/rad.asvi.at\/index.php?rest_route=\/wp\/v2\/posts\/6698\/revisions"}],"wp:featuredmedia":[{"embeddable":true,"href":"https:\/\/rad.asvi.at\/index.php?rest_route=\/"}],"wp:attachment":[{"href":"https:\/\/rad.asvi.at\/index.php?rest_route=%2Fwp%2Fv2%2Fmedia&parent=6698"}],"wp:term":[{"taxonomy":"category","embeddable":true,"href":"https:\/\/rad.asvi.at\/index.php?rest_route=%2Fwp%2Fv2%2Fcategories&post=6698"},{"taxonomy":"post_tag","embeddable":true,"href":"https:\/\/rad.asvi.at\/index.php?rest_route=%2Fwp%2Fv2%2Ftags&post=6698"}],"curies":[{"name":"wp","href":"https:\/\/api.w.org\/{rel}","templated":true}]}}