{"id":6756,"date":"2017-08-06T20:14:12","date_gmt":"2017-08-06T18:14:12","guid":{"rendered":"http:\/\/www.radclub-inzing.at\/?p=6756"},"modified":"2017-08-06T20:14:12","modified_gmt":"2017-08-06T18:14:12","slug":"2-x-gold-fur-ein-rennen","status":"publish","type":"post","link":"https:\/\/rad.asvi.at\/?p=6756","title":{"rendered":"2 x Gold f\u00fcr ein Rennen!"},"content":{"rendered":"<p><strong><\/strong><span style=\"text-decoration: underline;\">06.08.2017 \u00d6M-Einzelzeitfahren und Mannschaftszeitfahren in Erpfendorf (Tirol)<\/span><\/p>\n<p>Bei \u201cnoch\u201c trockenen Bedingungen ging heute Vormittag im Tiroler Unterland die \u00d6sterreichische Meisterschaft im Einzelzeitfahren in den Nachwuchskategorien\u00a0 und der Kategorie Master \u00fcber die B\u00fchne.\u00a0 Bei den U15 startete <strong><em>Lukas Grie\u00dfer<\/em> (\u00d6AMTC RAIKA BKD ASV INZING)<\/strong> als Vorletzter ins Rennen. Er wurde seiner Favoritenrolle voll gerecht und siegte mit \u00fcber 41 km\/h Durchschnittsgeschwindigkeit! 2 x Gold f\u00fcr ein Rennen: \u00d6M\/TM! Lukas bew\u00e4ltigte die 10 km lange Strecke in einer Zeit von 14,33 Minuten und distanzierte den Zweitplatzierten um 31 Sekunden.<\/p>\n<p>Als er durchs Ziel kam, sprach der Platzsprecher von einer \u201cFabelzeit\u201d.<\/p>\n<p>Da Alexander Hajek nur auf den 8. Platz kam, \u00fcbernahm Lukas auch wieder die F\u00fchrung im \u00d6-Nachwuchscup!<\/p>\n<p>Der Radclub Inzing war auch noch mit 2 Junioren am Start, Elias Farbmacher wurde auf der 22 km langen Strecke 15. Und Florian Hirsch 16.<\/p>\n<p>Am Nachmittag fanden dann auch noch die \u00d6M im Mannschafts- bzw. Paarzeitfahren statt. Jetzt hatte der Wettergott leider kein Nachsehen mehr und \u00f6ffnete p\u00fcnktlich zum Start um 14 Uhr seine Schleusen. V\u00f6llig durchn\u00e4sst und ersch\u00f6pft beendeten Florian Hirsch und Elias Farbmacher das Rennen der Junioren an der 7. Stelle. Lukas Grie\u00dfer fehlte leider ein geeigneter vereinseigener Partner, sodass er schon gar nicht an den Start gehen konnte. Seit einigen Jahren gibt es n\u00e4mlich die Regel, dass man nur innerhalb des selben Vereins eine Mannschaft zusammenstellen kann.<\/p>\n<p>&nbsp;<\/p>\n<p>&nbsp;<\/p>\n","protected":false},"excerpt":{"rendered":"<p>06.08.2017 \u00d6M-Einzelzeitfahren und Mannschaftszeitfahren in Erpfendorf (Tirol) Bei \u201cnoch\u201c trockenen Bedingungen ging heute Vormittag im Tiroler Unterland die \u00d6sterreichische Meisterschaft im Einzelzeitfahren in den Nachwuchskategorien\u00a0 und der Kategorie Master \u00fcber die B\u00fchne.\u00a0 Bei den U15 startete Lukas Grie\u00dfer (\u00d6AMTC RAIKA BKD ASV INZING) als Vorletzter ins Rennen. Er wurde seiner Favoritenrolle voll gerecht und siegte&hellip;&nbsp;<a href=\"https:\/\/rad.asvi.at\/?p=6756\" class=\"\" rel=\"bookmark\">Weiterlesen &raquo;<span class=\"screen-reader-text\">2 x Gold f\u00fcr ein Rennen!<\/span><\/a><\/p>\n","protected":false},"author":2,"featured_media":6761,"comment_status":"open","ping_status":"closed","sticky":false,"template":"","format":"standard","meta":{"neve_meta_sidebar":"","neve_meta_container":"","neve_meta_enable_content_width":"","neve_meta_content_width":0,"neve_meta_title_alignment":"","neve_meta_author_avatar":"","neve_post_elements_order":"","neve_meta_disable_header":"","neve_meta_disable_footer":"","neve_meta_disable_title":"","footnotes":""},"categories":[9,11],"tags":[],"class_list":["post-6756","post","type-post","status-publish","format-standard","has-post-thumbnail","hentry","category-allgemein","category-rennsport"],"featured_image_urls":{"full":"","thumbnail":"","medium":"","medium_large":"","large":"","xl":"","xxl":"","xxxl":"","xxxxl":"","xxxxxl":"","1536x1536":"","2048x2048":"","neve-blog":""},"post_excerpt_stackable":"<p>06.08.2017 \u00d6M-Einzelzeitfahren und Mannschaftszeitfahren in Erpfendorf (Tirol) Bei \u201cnoch\u201c trockenen Bedingungen ging heute Vormittag im Tiroler Unterland die \u00d6sterreichische Meisterschaft im Einzelzeitfahren in den Nachwuchskategorien\u00a0 und der Kategorie Master \u00fcber die B\u00fchne.\u00a0 Bei den U15 startete Lukas Grie\u00dfer (\u00d6AMTC RAIKA BKD ASV INZING) als Vorletzter ins Rennen. Er wurde seiner Favoritenrolle voll gerecht und siegte mit \u00fcber 41 km\/h Durchschnittsgeschwindigkeit! 2 x Gold f\u00fcr ein Rennen: \u00d6M\/TM! Lukas bew\u00e4ltigte die 10 km lange Strecke in einer Zeit von 14,33 Minuten und distanzierte den Zweitplatzierten um 31 Sekunden. Als er durchs Ziel kam, sprach der Platzsprecher von einer \u201cFabelzeit\u201d. Da Alexander&hellip;<\/p>\n","category_list":"<a href=\"https:\/\/rad.asvi.at\/?cat=9\" rel=\"category\">Allgemein<\/a>, <a href=\"https:\/\/rad.asvi.at\/?cat=11\" rel=\"category\">Rennsport<\/a>","author_info":{"name":"Roman","url":"https:\/\/rad.asvi.at\/?author=2"},"comments_num":"0 comments","_links":{"self":[{"href":"https:\/\/rad.asvi.at\/index.php?rest_route=\/wp\/v2\/posts\/6756","targetHints":{"allow":["GET"]}}],"collection":[{"href":"https:\/\/rad.asvi.at\/index.php?rest_route=\/wp\/v2\/posts"}],"about":[{"href":"https:\/\/rad.asvi.at\/index.php?rest_route=\/wp\/v2\/types\/post"}],"author":[{"embeddable":true,"href":"https:\/\/rad.asvi.at\/index.php?rest_route=\/wp\/v2\/users\/2"}],"replies":[{"embeddable":true,"href":"https:\/\/rad.asvi.at\/index.php?rest_route=%2Fwp%2Fv2%2Fcomments&post=6756"}],"version-history":[{"count":0,"href":"https:\/\/rad.asvi.at\/index.php?rest_route=\/wp\/v2\/posts\/6756\/revisions"}],"wp:featuredmedia":[{"embeddable":true,"href":"https:\/\/rad.asvi.at\/index.php?rest_route=\/"}],"wp:attachment":[{"href":"https:\/\/rad.asvi.at\/index.php?rest_route=%2Fwp%2Fv2%2Fmedia&parent=6756"}],"wp:term":[{"taxonomy":"category","embeddable":true,"href":"https:\/\/rad.asvi.at\/index.php?rest_route=%2Fwp%2Fv2%2Fcategories&post=6756"},{"taxonomy":"post_tag","embeddable":true,"href":"https:\/\/rad.asvi.at\/index.php?rest_route=%2Fwp%2Fv2%2Ftags&post=6756"}],"curies":[{"name":"wp","href":"https:\/\/api.w.org\/{rel}","templated":true}]}}