{"id":6769,"date":"2017-08-28T23:54:07","date_gmt":"2017-08-28T21:54:07","guid":{"rendered":"http:\/\/www.radclub-inzing.at\/?p=6769"},"modified":"2017-08-28T23:54:07","modified_gmt":"2017-08-28T21:54:07","slug":"25-27-8-2017-internationale-kids-tour-berlin","status":"publish","type":"post","link":"https:\/\/rad.asvi.at\/?p=6769","title":{"rendered":"25.-27.8.2017 Internationale Kids-Tour-Berlin"},"content":{"rendered":"<p>Erstmals im Dress des \u00d6sterreichischen Nationalteams am Start zu stehen \u2013 das ist wohl der Traum eines jeden jungen Nachwuchsrennfahrers! Dass einem dieser Traum schon als U-15-Fahrer in Erf\u00fcllung geht, ist in \u00d6sterreich eigentlich gar nicht m\u00f6glich! Eine \u201eoffizielle\u201c Nationalmannschaft gibt es n\u00e4mlich erst ab der Kategorie U17. Die einzige Ausnahme ist allj\u00e4hrlich im August die \u201eInternationale Kids-Tour-Berlin\u201c. \u00a0Hier messen sich ca. 150 U-15-Fahrer aus \u00fcber 20 Nationen. Das heurige Team Austria setzte sich zusammen aus Alexander Hajek, Leo Kerschbaumer, David Paumann und Lukas Grie\u00dfer. Als Teamleiter fungierte Thomas Grie\u00dfer, unterst\u00fctzt von Martin Hajek.<\/p>\n<p>Am Freitag stand das EZF am Plan.<\/p>\n<p>Als erstes startete David ins Rennen danach Leo dann voll motiviert und doch mit hohen Erwartungen Lukas und als Letzter Alexander.<\/p>\n<p>Lukas kam mit einer gewaltigen Zeit ins Ziel(17:13) und stand so lange Zeit als zweitschnellster von 148 U15 Fahren im Ziel. Leider wurde er kurz vor Schluss noch von einem Belgier und einem Deutschen eingeholt und belegte so den gewaltigen 4ten Platz!<\/p>\n<p>Leo kam als 58., Alex als 60. und David als75. ins Ziel.<\/p>\n<p>Somit ist der Start in die Kids-Tour schon einmal sehr gut gegl\u00fcckt und die Burschen waren voll motiviert f\u00fcr die 2te Etappe am Samstag Vormittag &#8211; Das Team Zeitfahren.<\/p>\n<p>Mit Startnummer 7 standen unsere Jungs am Start .<\/p>\n<p>Wir (Martin\/Thomas) startklar im Auto.<\/p>\n<p>Die Vier legten eine gewaltige Leistung hin und wir konnten es im Ziel kaum glauben, dass wir mit der zweitschnellsten Zeit durchs Ziel gingen.<\/p>\n<p>Am Ende der Etappe belegten wir nur 1,5 sec hinter Team Rheinland-Pfalz den unglaublichen 3ten Platz!!!<\/p>\n<p>Somit war Lukas schon am 4ten Rang im Gesamtklassement!<\/p>\n<p>Am Samstag Nachmittag dann ein sehr schnelles Rundstreckenrennen \u00fcber 4 Runden (43km), leider mit zahlreichen St\u00fcrzen, wovon wir gottseidank verschont blieben. Diesmal fuhr Leo Kerschbaumer am st\u00e4rksten. Er belegte im Sprint des gesamten Feldes (148!) den tollen 4ten Platz. Lukas wurde leider 150m vor dem Ziel von einem anderen Fahrer \u00a0blockiert und kam so nur auf Platz 32. David auf Platz 15 und Alexander auf Platz 5o.<\/p>\n<p>Am Sonntag dann das gro\u00dfe Finale mit einem weiteren Rundstreckenrennen mit 15 Runden (45km) und drei Sprintwertungen.<\/p>\n<p>Davor wurden alle Teams noch einmal vorgestellt. Dann ging alles sehr schnell.<\/p>\n<p>Unsere Jungs hielten sich immer an guter Position im Feld auf.<\/p>\n<p>Vor allem Lukas war immer an den Hinterr\u00e4dern der 3 F\u00fchrenden im Gesamtklassement!!<\/p>\n<p>Dann in Runde 8 ein Massensturz, in dem alle 4 \u00d6sterreicher im Graben landeten!<\/p>\n<p>Gottseidank kamen alle 4 mit nur leichten Blessuren davon und konnten bis auf David das Rennen fortsetzen.<\/p>\n<p>Lukas konnte sogar mit weiteren 12 Fahrern in Runde 12 wieder an die Spitzengruppe aufschlie\u00dfen, was vor allem seinem Kampfgeist zuzuschreiben war!!!<\/p>\n<p>Am Ende seiner Kr\u00e4fte kam er beim Zielsprint von ca. 45 Fahren noch auf den 27. Etappenrang. Leo auf Rang 35 und Alexander auf Rang 62.<\/p>\n<p>Somit hat sich in der Gesamtwertung f\u00fcr Lukas nichts mehr ge\u00e4ndert und er belegte bei seinem erstem gro\u00dfen Etappenrennen den ausgezeichneten 4ten Gesamtplatz!<\/p>\n<p>Leo Kerschbaumer wurde gesamt 32., Alexander Hajek 35.\u00a0David Paumann musste leider wegen Sturz und Defekt in der letzten Etappe aufgeben.<\/p>\n","protected":false},"excerpt":{"rendered":"<p>Erstmals im Dress des \u00d6sterreichischen Nationalteams am Start zu stehen \u2013 das ist wohl der Traum eines jeden jungen Nachwuchsrennfahrers! Dass einem dieser Traum schon als U-15-Fahrer in Erf\u00fcllung geht, ist in \u00d6sterreich eigentlich gar nicht m\u00f6glich! Eine \u201eoffizielle\u201c Nationalmannschaft gibt es n\u00e4mlich erst ab der Kategorie U17. Die einzige Ausnahme ist allj\u00e4hrlich im August&hellip;&nbsp;<a href=\"https:\/\/rad.asvi.at\/?p=6769\" class=\"\" rel=\"bookmark\">Weiterlesen &raquo;<span class=\"screen-reader-text\">25.-27.8.2017 Internationale Kids-Tour-Berlin<\/span><\/a><\/p>\n","protected":false},"author":2,"featured_media":6777,"comment_status":"open","ping_status":"closed","sticky":false,"template":"","format":"standard","meta":{"neve_meta_sidebar":"","neve_meta_container":"","neve_meta_enable_content_width":"","neve_meta_content_width":0,"neve_meta_title_alignment":"","neve_meta_author_avatar":"","neve_post_elements_order":"","neve_meta_disable_header":"","neve_meta_disable_footer":"","neve_meta_disable_title":"","footnotes":""},"categories":[9,11],"tags":[],"class_list":["post-6769","post","type-post","status-publish","format-standard","has-post-thumbnail","hentry","category-allgemein","category-rennsport"],"featured_image_urls":{"full":"","thumbnail":"","medium":"","medium_large":"","large":"","xl":"","xxl":"","xxxl":"","xxxxl":"","xxxxxl":"","1536x1536":"","2048x2048":"","neve-blog":""},"post_excerpt_stackable":"<p>Erstmals im Dress des \u00d6sterreichischen Nationalteams am Start zu stehen \u2013 das ist wohl der Traum eines jeden jungen Nachwuchsrennfahrers! Dass einem dieser Traum schon als U-15-Fahrer in Erf\u00fcllung geht, ist in \u00d6sterreich eigentlich gar nicht m\u00f6glich! Eine \u201eoffizielle\u201c Nationalmannschaft gibt es n\u00e4mlich erst ab der Kategorie U17. Die einzige Ausnahme ist allj\u00e4hrlich im August die \u201eInternationale Kids-Tour-Berlin\u201c. \u00a0Hier messen sich ca. 150 U-15-Fahrer aus \u00fcber 20 Nationen. Das heurige Team Austria setzte sich zusammen aus Alexander Hajek, Leo Kerschbaumer, David Paumann und Lukas Grie\u00dfer. Als Teamleiter fungierte Thomas Grie\u00dfer, unterst\u00fctzt von Martin Hajek. Am Freitag stand das EZF am&hellip;<\/p>\n","category_list":"<a href=\"https:\/\/rad.asvi.at\/?cat=9\" rel=\"category\">Allgemein<\/a>, <a href=\"https:\/\/rad.asvi.at\/?cat=11\" rel=\"category\">Rennsport<\/a>","author_info":{"name":"Roman","url":"https:\/\/rad.asvi.at\/?author=2"},"comments_num":"0 comments","_links":{"self":[{"href":"https:\/\/rad.asvi.at\/index.php?rest_route=\/wp\/v2\/posts\/6769","targetHints":{"allow":["GET"]}}],"collection":[{"href":"https:\/\/rad.asvi.at\/index.php?rest_route=\/wp\/v2\/posts"}],"about":[{"href":"https:\/\/rad.asvi.at\/index.php?rest_route=\/wp\/v2\/types\/post"}],"author":[{"embeddable":true,"href":"https:\/\/rad.asvi.at\/index.php?rest_route=\/wp\/v2\/users\/2"}],"replies":[{"embeddable":true,"href":"https:\/\/rad.asvi.at\/index.php?rest_route=%2Fwp%2Fv2%2Fcomments&post=6769"}],"version-history":[{"count":0,"href":"https:\/\/rad.asvi.at\/index.php?rest_route=\/wp\/v2\/posts\/6769\/revisions"}],"wp:featuredmedia":[{"embeddable":true,"href":"https:\/\/rad.asvi.at\/index.php?rest_route=\/"}],"wp:attachment":[{"href":"https:\/\/rad.asvi.at\/index.php?rest_route=%2Fwp%2Fv2%2Fmedia&parent=6769"}],"wp:term":[{"taxonomy":"category","embeddable":true,"href":"https:\/\/rad.asvi.at\/index.php?rest_route=%2Fwp%2Fv2%2Fcategories&post=6769"},{"taxonomy":"post_tag","embeddable":true,"href":"https:\/\/rad.asvi.at\/index.php?rest_route=%2Fwp%2Fv2%2Ftags&post=6769"}],"curies":[{"name":"wp","href":"https:\/\/api.w.org\/{rel}","templated":true}]}}