{"id":6783,"date":"2017-09-03T22:22:18","date_gmt":"2017-09-03T20:22:18","guid":{"rendered":"http:\/\/www.radclub-inzing.at\/?p=6783"},"modified":"2017-09-03T22:22:18","modified_gmt":"2017-09-03T20:22:18","slug":"elias-farbmacher-holt-bronze-bei-der-tm-am-berg","status":"publish","type":"post","link":"https:\/\/rad.asvi.at\/?p=6783","title":{"rendered":"Elias Farbmacher holt Bronze bei der TM am Berg!"},"content":{"rendered":"<p><strong>Weer\/Weerberg<\/strong>: Gestern am 2. September fand im Tiroler Unterland bei nasskaltem Wetter die diesj\u00e4hrige TM am Berg f\u00fcr die Kategorien U17\/Jun\/Amateure\/Elite und Frauen statt. Bei leichtem Regen und ca. 10 Grad ging es vom Ortszentrum Weer zun\u00e4chst flach nach Pill und von dort aus gleich steil bergauf nach Weerberg \u2013 nach einem Flachst\u00fcck dann noch einmal ca. 4 km steil bis nach Hausstatt auf 1250m Seeh\u00f6he. Dabei waren mehrmals Steilrampen von bis zu 14 % zu bew\u00e4ltigen. Die Strecke ist durchaus vergleichbar mit dem schweren Bergrennen Inzing-Stiglreith! Alle Kategorien hatten zur gleichen Zeit den Start um 15:00, sodass ein direkter Vergleich mit den absoluten Spitzenfahrern f\u00fcr alle Kategorien gut m\u00f6glich war. Der beste Kletterer <strong><em>Benjamin Brkic<\/em><\/strong> (U-23-Team Tirol) fuhr ab der ersten Steigung auf und davon und siegte klar mit der Fabelzeit von <strong><em>29:21<\/em><\/strong>, was einen Schnitt von <strong><em>26 km\/h<\/em><\/strong> bedeutete!<\/p>\n<p>Bei den Junioren \u2013 unser Verein <strong>\u00d6AMTC RAIKA BKD ASV INZING<\/strong> war mit 2 Fahrern n\u00e4mlich <strong><em>Elias Farbmacher <\/em><\/strong>und <strong><em>Florian Hirsch<\/em><\/strong> vertreten \u2013 war es am Anfang Florian, der bei den ersten Anstiegen den besseren Eindruck machte. Aber bereits nach 2 Bergkilometern wendete sich das Blatt und Elias hatte die besseren Beine. Kurz vor Weerberg schlossen 3 weitere Fahrer auf Elias auf, was vor dem Flachst\u00fcck nat\u00fcrlich \u00e4u\u00dferst g\u00fcnstig war. Im Windschatten ging es mit \u00fcber 55 km\/h durch Weerberg und hinein in die letzte Steigung. Zu diesem Zeitpunkt lagen lediglich 2\u00a0 Juniorenfahrer vor Elias und nun galt es den Vorsprung von knapp einer Minute 4km steil bergauf ins Ziel zu bringen. Angefeuert aus dem Betreuerfahrzeug gab <strong><em>Elias Farbmacher<\/em><\/strong> auf dem steilen Schlussanstieg alles und gewann mit einer Zeit von <strong><em>36:41<\/em><\/strong> die <strong>Bronzemedaille<\/strong>! Florian Hirsch wurde etwas entt\u00e4uscht 7., die K\u00e4lte mag er einfach nicht.<\/p>\n<p><cite><br \/>\n<\/cite><\/p>\n","protected":false},"excerpt":{"rendered":"<p>Weer\/Weerberg: Gestern am 2. September fand im Tiroler Unterland bei nasskaltem Wetter die diesj\u00e4hrige TM am Berg f\u00fcr die Kategorien U17\/Jun\/Amateure\/Elite und Frauen statt. Bei leichtem Regen und ca. 10 Grad ging es vom Ortszentrum Weer zun\u00e4chst flach nach Pill und von dort aus gleich steil bergauf nach Weerberg \u2013 nach einem Flachst\u00fcck dann noch&hellip;&nbsp;<a href=\"https:\/\/rad.asvi.at\/?p=6783\" class=\"\" rel=\"bookmark\">Weiterlesen &raquo;<span class=\"screen-reader-text\">Elias Farbmacher holt Bronze bei der TM am Berg!<\/span><\/a><\/p>\n","protected":false},"author":2,"featured_media":6792,"comment_status":"open","ping_status":"closed","sticky":false,"template":"","format":"standard","meta":{"neve_meta_sidebar":"","neve_meta_container":"","neve_meta_enable_content_width":"","neve_meta_content_width":0,"neve_meta_title_alignment":"","neve_meta_author_avatar":"","neve_post_elements_order":"","neve_meta_disable_header":"","neve_meta_disable_footer":"","neve_meta_disable_title":"","footnotes":""},"categories":[9,11],"tags":[],"class_list":["post-6783","post","type-post","status-publish","format-standard","has-post-thumbnail","hentry","category-allgemein","category-rennsport"],"featured_image_urls":{"full":"","thumbnail":"","medium":"","medium_large":"","large":"","xl":"","xxl":"","xxxl":"","xxxxl":"","xxxxxl":"","1536x1536":"","2048x2048":"","neve-blog":""},"post_excerpt_stackable":"<p>Weer\/Weerberg: Gestern am 2. September fand im Tiroler Unterland bei nasskaltem Wetter die diesj\u00e4hrige TM am Berg f\u00fcr die Kategorien U17\/Jun\/Amateure\/Elite und Frauen statt. Bei leichtem Regen und ca. 10 Grad ging es vom Ortszentrum Weer zun\u00e4chst flach nach Pill und von dort aus gleich steil bergauf nach Weerberg \u2013 nach einem Flachst\u00fcck dann noch einmal ca. 4 km steil bis nach Hausstatt auf 1250m Seeh\u00f6he. Dabei waren mehrmals Steilrampen von bis zu 14 % zu bew\u00e4ltigen. Die Strecke ist durchaus vergleichbar mit dem schweren Bergrennen Inzing-Stiglreith! Alle Kategorien hatten zur gleichen Zeit den Start um 15:00, sodass ein direkter&hellip;<\/p>\n","category_list":"<a href=\"https:\/\/rad.asvi.at\/?cat=9\" rel=\"category\">Allgemein<\/a>, <a href=\"https:\/\/rad.asvi.at\/?cat=11\" rel=\"category\">Rennsport<\/a>","author_info":{"name":"Roman","url":"https:\/\/rad.asvi.at\/?author=2"},"comments_num":"0 comments","_links":{"self":[{"href":"https:\/\/rad.asvi.at\/index.php?rest_route=\/wp\/v2\/posts\/6783","targetHints":{"allow":["GET"]}}],"collection":[{"href":"https:\/\/rad.asvi.at\/index.php?rest_route=\/wp\/v2\/posts"}],"about":[{"href":"https:\/\/rad.asvi.at\/index.php?rest_route=\/wp\/v2\/types\/post"}],"author":[{"embeddable":true,"href":"https:\/\/rad.asvi.at\/index.php?rest_route=\/wp\/v2\/users\/2"}],"replies":[{"embeddable":true,"href":"https:\/\/rad.asvi.at\/index.php?rest_route=%2Fwp%2Fv2%2Fcomments&post=6783"}],"version-history":[{"count":0,"href":"https:\/\/rad.asvi.at\/index.php?rest_route=\/wp\/v2\/posts\/6783\/revisions"}],"wp:featuredmedia":[{"embeddable":true,"href":"https:\/\/rad.asvi.at\/index.php?rest_route=\/"}],"wp:attachment":[{"href":"https:\/\/rad.asvi.at\/index.php?rest_route=%2Fwp%2Fv2%2Fmedia&parent=6783"}],"wp:term":[{"taxonomy":"category","embeddable":true,"href":"https:\/\/rad.asvi.at\/index.php?rest_route=%2Fwp%2Fv2%2Fcategories&post=6783"},{"taxonomy":"post_tag","embeddable":true,"href":"https:\/\/rad.asvi.at\/index.php?rest_route=%2Fwp%2Fv2%2Ftags&post=6783"}],"curies":[{"name":"wp","href":"https:\/\/api.w.org\/{rel}","templated":true}]}}