{"id":6796,"date":"2017-09-19T16:57:03","date_gmt":"2017-09-19T14:57:03","guid":{"rendered":"http:\/\/www.radclub-inzing.at\/?p=6796"},"modified":"2017-09-19T16:57:03","modified_gmt":"2017-09-19T14:57:03","slug":"lukas-grieser-kront-seine-wk-saison-mit-geamtsieg-in-o-cup-jahreswertung-und-gewinnt-eine-weitere-om-medaille","status":"publish","type":"post","link":"https:\/\/rad.asvi.at\/?p=6796","title":{"rendered":"Lukas Grie\u00dfer kr\u00f6nt seine WK-Saison mit Gesamtsieg in \u00d6-Cup-Jahreswertung und gewinnt eine weitere \u00d6M-Medaille!"},"content":{"rendered":"<p><strong><span style=\"text-decoration: underline;\">\u00d6M-Kriterium in Ludersdorf \/Stm<\/span><\/strong><\/p>\n<p>Am Sonntag 17.9.2017 fand in Ludersdorf (Steiermark) das letzte \u00d6-Cup Rennen dieser Saison und zugleich die \u00d6sterreichische Meisterschaft im Kriterium statt.<\/p>\n<p>Im Vorfeld starteten au\u00dferdem 15 Kinder in der Klasse ohne Lizenz in ein \u201erichtiges\u201c Kriterium \u00fcber 6 Runden. Mit dabei nat\u00fcrlich Ramona Grie\u00dfer!<\/p>\n<p>Leider hatten die 13 Buben und 2 M\u00e4dchen kein Wettergl\u00fcck, denn bereits kurz vor dem Start begann es in Str\u00f6men zu regnen. Nach der zweiten Kurve hatte sich Ramona schon an die 2te Stelle vorgek\u00e4mpft und konnte diesen Platz tats\u00e4chlich bis ins Ziel verteidigen!<\/p>\n<p>&nbsp;<\/p>\n<p>Da Lukas Grie\u00dfer (U15) schon vor dem letzten \u00d6-Cup Rennen uneinholbar als neuer \u00d6-Cup Gesamtsieger feststand, konnte er ohne gro\u00dfen Druck an den Start gehen.<\/p>\n<p>Beim Start der Kategorie U15 hat der Regen schon wieder aufgeh\u00f6rt, aber die Strecke auf dem Fahrsicherheitszentrum war immer noch sehr nass und rutschig, sodass es die Burschen erst einmal eher langsam angehen lie\u00dfen.<\/p>\n<p>Erst nach der ersten\u00a0 von 6 Wertungsrunden (insgesamt 30 Runden) bei der Lukas leider leer ausging, wurde das Tempo erh\u00f6ht.<\/p>\n<p>Lukas konnte sich dann aber gemeinsam mit Rinnhofer Markus (ARB\u00d6 Rapso Knittelfeld) vom Feld l\u00f6sen.<\/p>\n<p>Da Lukas mit sehr viel mehr Respekt in die Kurven fuhr, konnte Rinnhofer mit ausgezeichneter Kurventechnik vor jeder Wertung 3 bis 4 Meter fr\u00fcher in den Sprint gehen und so hatte Lukas keine Chance gegen den Steirer.<\/p>\n<p>So wurde es immerhin die Silbermedaille, mit der Lukas\u00a0-in Anbetracht der Tatsache, dass Kriterium nicht gerade seine st\u00e4rkste Disziplin ist- sehr zufrieden war!<\/p>\n<p>Somit hat Lukas Grie\u00dfer heuer in allen drei Farben \u00d6M-Medaillen( Gold\/Ezf, Silber\/Krit und Bronze\/Str) gewinnen k\u00f6nnen! Der Sieg in der Gesamtwertung des \u00d6sterreichischen Nachwuchscups \u2013trotz mehrw\u00f6chiger verletzungsbedingten Rennpause- z\u00e4hlt aber noch viel mehr!<\/p>\n","protected":false},"excerpt":{"rendered":"<p>\u00d6M-Kriterium in Ludersdorf \/Stm Am Sonntag 17.9.2017 fand in Ludersdorf (Steiermark) das letzte \u00d6-Cup Rennen dieser Saison und zugleich die \u00d6sterreichische Meisterschaft im Kriterium statt. Im Vorfeld starteten au\u00dferdem 15 Kinder in der Klasse ohne Lizenz in ein \u201erichtiges\u201c Kriterium \u00fcber 6 Runden. Mit dabei nat\u00fcrlich Ramona Grie\u00dfer! Leider hatten die 13 Buben und 2&hellip;&nbsp;<a href=\"https:\/\/rad.asvi.at\/?p=6796\" class=\"\" rel=\"bookmark\">Weiterlesen &raquo;<span class=\"screen-reader-text\">Lukas Grie\u00dfer kr\u00f6nt seine WK-Saison mit Gesamtsieg in \u00d6-Cup-Jahreswertung und gewinnt eine weitere \u00d6M-Medaille!<\/span><\/a><\/p>\n","protected":false},"author":2,"featured_media":6801,"comment_status":"open","ping_status":"closed","sticky":false,"template":"","format":"standard","meta":{"neve_meta_sidebar":"","neve_meta_container":"","neve_meta_enable_content_width":"","neve_meta_content_width":0,"neve_meta_title_alignment":"","neve_meta_author_avatar":"","neve_post_elements_order":"","neve_meta_disable_header":"","neve_meta_disable_footer":"","neve_meta_disable_title":"","footnotes":""},"categories":[9,11],"tags":[],"class_list":["post-6796","post","type-post","status-publish","format-standard","has-post-thumbnail","hentry","category-allgemein","category-rennsport"],"featured_image_urls":{"full":"","thumbnail":"","medium":"","medium_large":"","large":"","xl":"","xxl":"","xxxl":"","xxxxl":"","xxxxxl":"","1536x1536":"","2048x2048":"","neve-blog":""},"post_excerpt_stackable":"<p>\u00d6M-Kriterium in Ludersdorf \/Stm Am Sonntag 17.9.2017 fand in Ludersdorf (Steiermark) das letzte \u00d6-Cup Rennen dieser Saison und zugleich die \u00d6sterreichische Meisterschaft im Kriterium statt. Im Vorfeld starteten au\u00dferdem 15 Kinder in der Klasse ohne Lizenz in ein \u201erichtiges\u201c Kriterium \u00fcber 6 Runden. Mit dabei nat\u00fcrlich Ramona Grie\u00dfer! Leider hatten die 13 Buben und 2 M\u00e4dchen kein Wettergl\u00fcck, denn bereits kurz vor dem Start begann es in Str\u00f6men zu regnen. Nach der zweiten Kurve hatte sich Ramona schon an die 2te Stelle vorgek\u00e4mpft und konnte diesen Platz tats\u00e4chlich bis ins Ziel verteidigen! &nbsp; Da Lukas Grie\u00dfer (U15) schon vor dem&hellip;<\/p>\n","category_list":"<a href=\"https:\/\/rad.asvi.at\/?cat=9\" rel=\"category\">Allgemein<\/a>, <a href=\"https:\/\/rad.asvi.at\/?cat=11\" rel=\"category\">Rennsport<\/a>","author_info":{"name":"Roman","url":"https:\/\/rad.asvi.at\/?author=2"},"comments_num":"0 comments","_links":{"self":[{"href":"https:\/\/rad.asvi.at\/index.php?rest_route=\/wp\/v2\/posts\/6796","targetHints":{"allow":["GET"]}}],"collection":[{"href":"https:\/\/rad.asvi.at\/index.php?rest_route=\/wp\/v2\/posts"}],"about":[{"href":"https:\/\/rad.asvi.at\/index.php?rest_route=\/wp\/v2\/types\/post"}],"author":[{"embeddable":true,"href":"https:\/\/rad.asvi.at\/index.php?rest_route=\/wp\/v2\/users\/2"}],"replies":[{"embeddable":true,"href":"https:\/\/rad.asvi.at\/index.php?rest_route=%2Fwp%2Fv2%2Fcomments&post=6796"}],"version-history":[{"count":0,"href":"https:\/\/rad.asvi.at\/index.php?rest_route=\/wp\/v2\/posts\/6796\/revisions"}],"wp:featuredmedia":[{"embeddable":true,"href":"https:\/\/rad.asvi.at\/index.php?rest_route=\/"}],"wp:attachment":[{"href":"https:\/\/rad.asvi.at\/index.php?rest_route=%2Fwp%2Fv2%2Fmedia&parent=6796"}],"wp:term":[{"taxonomy":"category","embeddable":true,"href":"https:\/\/rad.asvi.at\/index.php?rest_route=%2Fwp%2Fv2%2Fcategories&post=6796"},{"taxonomy":"post_tag","embeddable":true,"href":"https:\/\/rad.asvi.at\/index.php?rest_route=%2Fwp%2Fv2%2Ftags&post=6796"}],"curies":[{"name":"wp","href":"https:\/\/api.w.org\/{rel}","templated":true}]}}