{"id":6808,"date":"2018-03-19T13:56:10","date_gmt":"2018-03-19T12:56:10","guid":{"rendered":"http:\/\/www.radclub-inzing.at\/?p=6808"},"modified":"2018-03-19T13:56:10","modified_gmt":"2018-03-19T12:56:10","slug":"start-ins-radjahr-2018-1-aussendung","status":"publish","type":"post","link":"https:\/\/rad.asvi.at\/?p=6808","title":{"rendered":"START INS RADJAHR 2018 &#8211; 1. Aussendung"},"content":{"rendered":"<p><strong><span style=\"color: #000000;\">Liebe Radsportfreunde!<\/span><\/strong><\/p>\n<p><span style=\"color: #000000; font-size: medium;\">Der Fr\u00fchling steht vor der T\u00fcr und Fr\u00fchlingszeit ist Radlerzeit. Wir freuen uns schon auf eine erfolgreiche Saison und hoffentlich einige gemeinsame Vereinsaktivit\u00e4ten im Jahr 2018!<\/span><\/p>\n<p><span style=\"color: #000000; font-size: medium;\">\u00a0<\/span><\/p>\n<p><strong><span style=\"color: #000000; font-size: medium;\">Termine:<\/span><\/strong><\/p>\n<p><span style=\"color: #000000; font-size: medium;\">Sa. 14.04.18\u00a0\u00a0\u00a0 Vereinsausfahrt\u00a0\u00a0\u00a0\u00a0\u00a0\u00a0\u00a0\u00a0\u00a0\u00a0 \u00a0\u00a0\u00a0\u00a0\u00a0\u00a0\u00a0\u00a0\u00a0\u00a0\u00a0 (Abfahrt 14:00 Rangger Kapelle)<\/span><\/p>\n<p><span style=\"color: #000000; font-size: medium;\">Fr. 25.05.18\u00a0\u00a0\u00a0\u00a0 Kinderrennen\u00a0 \u00a0\u00a0\u00a0\u00a0\u00a0\u00a0\u00a0\u00a0\u00a0\u00a0\u00a0\u00a0\u00a0\u00a0\u00a0\u00a0\u00a0\u00a0\u00a0\u00a0\u00a0\u00a0\u00a0 (Start 16:00 Men\u00fcMobil)<\/span><\/p>\n<p><span style=\"color: #000000; font-size: medium;\">Fr. 15.06.18\u00a0\u00a0\u00a0\u00a0 Paarzeitfahren \u00a0\u00a0\u00a0\u00a0\u00a0\u00a0\u00a0\u00a0\u00a0\u00a0\u00a0 ( Start 18:00\u00a0 <strong>Strecke:<\/strong> Zirl Caf\u00e9 Elisabeth nach Telfs Liebherr)<\/span><\/p>\n<p><span style=\"color: #000000; font-size: medium;\">So. 16.09.18\u00a0\u00a0\u00a0 Vereinsmeisterschaft (Startzeit und genaue Strecke wird nachgereicht)<\/span><\/p>\n<p><span style=\"color: #000000; font-size: medium;\">\u00a0<\/span><\/p>\n<p><span style=\"font-size: medium;\"><span style=\"color: #000000;\">Die Termine f\u00fcr die monatlichen Ausfahrten sind gesondert aufgelistet. Aktuelle Termine, Infos und Verschiebungen werden immer auf unserer Homepage bekannt gegeben. <\/span><a href=\"http:\/\/www.radclub-inzing.at\/\"><span style=\"color: #0000ff;\">www.radclub-inzing.at<\/span><\/a><\/span><\/p>\n<p><strong><span style=\"color: #000000;\">\u00a0<\/span><\/strong><\/p>\n<p><strong><span style=\"color: #000000;\">Vereinsshop:<\/span><\/strong><\/p>\n<p><span style=\"color: #000000; font-size: medium;\">Die neue Bestellung Dressen sind eingetroffen und bei lrmgard zu beziehen. lhre Tel. Nr. lautet 05238 \/ 88 088 Sonderbestellungen Dressen sind ebenfalls bei lrmgard abholbereit. Alter Lagerbestand wird zu Sonderkonditionen abgegeben <\/span><\/p>\n<p><span style=\"color: #000000; font-size: medium;\">Trikot neu\u00a0\u00a0\u00a0\u00a0\u00a0\u00a0\u00a0 \u20ac 49,00\u00a0\u00a0\u00a0\u00a0\u00a0\u00a0\u00a0\u00a0\u00a0\u00a0\u00a0 Hose neu\u00a0\u00a0\u00a0\u00a0\u00a0\u00a0\u00a0\u00a0 \u20ac 95,00 \u00a0\u00a0\u00a0\u00a0\u00a0\u00a0\u00a0\u00a0\u00a0 Handschuhe neu\u00a0\u00a0\u00a0\u00a0\u00a0\u00a0\u00a0\u00a0 \u20ac 25,00<\/span><\/p>\n<p><span style=\"color: #000000; font-size: medium;\">Auch Trainingsanz\u00fcge, T-Shirts, Polos und kurze Hosen (alles von Adidas) stehen zur Verf\u00fcgung.<\/span><\/p>\n<p><span style=\"color: #000000; font-size: medium;\">Diese sind bei Thomas Grie\u00dfer (Tel:0664\/9208651) zu bestellen!<\/span><\/p>\n<p><span style=\"color: #000000; font-size: medium;\">\u00a0<\/span><\/p>\n<p><span style=\"color: #000000;\"><strong>Mitgliedsbeitr\u00e4ge:<\/strong><\/span><\/p>\n<p><span style=\"color: #000000; font-size: medium;\">Ab dem 19. Lebensjahr ( Jahrgang 1999)\u00a0\u00a0\u00a0\u00a0\u00a0 \u20ac 15,00<\/span><\/p>\n<p><span style=\"color: #000000; font-size: medium;\">Bis zum 18. Lebensjahr {Jahrgang 2000)\u00a0\u00a0\u00a0\u00a0\u00a0 \u20ac 10;00<\/span><\/p>\n<p><span style=\"color: #000000; font-size: medium;\">Familienbeitrag Kinder bis zum 15. L.J.\u00a0\u00a0\u00a0\u00a0\u00a0\u00a0\u00a0\u00a0 \u20ac 30;00<\/span><\/p>\n<p><span style=\"color: #000000; font-size: medium;\">Lizenz- und Ausbildungsgeb\u00fchr\u00a0\u00a0\u00a0\u00a0\u00a0\u00a0\u00a0\u00a0 \u00a0\u00a0\u00a0\u00a0\u00a0\u00a0\u00a0\u00a0\u00a0\u00a0\u00a0 \u20ac 90,00<\/span><\/p>\n<p><span style=\"color: #000000; font-size: medium;\">\u00a0<\/span><\/p>\n<p><strong><span style=\"color: #000000;\">E-Mail Adressen:<\/span><\/strong><\/p>\n<p><span style=\"font-size: medium;\"><span style=\"color: #000000;\">Bitte \u00c4nderungen und Bekanntgabe der E-Mail Adresse an: <\/span>eli.farbmacher@gmail.com<span style=\"color: #000000;\"> oder an <span style=\"text-decoration: underline;\">florian.hirsch1911@gmail.com<\/span> Alle die letztes Jahr keine Aussendung per E-Mail erhalten haben, bitte noch einmal die aktuelle E-Mail Adresse an eine der oben genannten E-Mail Adressen zu schicken. Um Kosten zu sparen werden die News nur mehr per E- Mail ausgesendet.<\/span><\/span><\/p>\n<p><span style=\"color: #000000; font-size: medium;\">Wir d\u00fcrfen darauf hinweisen, dass alle \u00c4nderungen von Veranstaltungen auf unserer Homepage unter www.radclub-inzing.at bekannt gegeben werden.<\/span><\/p>\n<p><span style=\"color: #000000; font-size: medium;\">\u00a0<\/span><\/p>\n<p><strong><span style=\"color: #000000;\">Sponsoren gesucht:<\/span><\/strong><\/p>\n<p><span style=\"color: #000000; font-size: medium;\">Wenn jemand gute Kontakte zu eventuellen Sponsoren hat, bitte unbedingt melden. Leider hatten wir in den letzten Jahren immer wieder Zahlungsausf\u00e4lle von Sponsoren und sind deshalb auf st\u00e4ndiger Suche!<\/span><\/p>\n<p><span style=\"color: #000000; font-size: medium;\">Wir hoffen, dass bei diesem Angebot f\u00fcr Jeden etwas dabei ist und bitten um tatkr\u00e4ftige Unterst\u00fctzung und w\u00fcnschen Euch eine unfallfreie und erfolgreiche Saison 2018 sowie sch\u00f6ne gemeinsame Erlebnisse im Verein.<\/span><\/p>\n<p align=\"center\"><span style=\"color: #000000; font-size: medium;\">Mit radsportlichen Gr\u00fc\u00dfen<\/span><\/p>\n<p align=\"center\"><span style=\"color: #000000; font-size: medium;\">Thomas Grie\u00dfer und das Team des \u00d6AMTC- RAIKA-BKD-ASV INZING<\/span><\/p>\n<p align=\"center\"><span style=\"color: #000000; font-size: medium;\">\u00a0<a href=\"http:\/\/www.radclub-inzing.at\/?attachment_id=6809\" rel=\"attachment wp-att-6809\">1.Aussendung-Rad18<\/a><\/span><\/p>\n<p align=\"center\"><span style=\"font-family: Calibri;\"><span style=\"font-size: medium;\"><span style=\"color: #000000;\">\u00a0\u00a0\u00a0\u00a0\u00a0\u00a0\u00a0\u00a0\u00a0\u00a0\u00a0\u00a0\u00a0\u00a0\u00a0\u00a0\u00a0\u00a0\u00a0\u00a0\u00a0\u00a0\u00a0\u00a0\u00a0\u00a0\u00a0\u00a0\u00a0\u00a0\u00a0\u00a0\u00a0\u00a0\u00a0\u00a0\u00a0\u00a0\u00a0\u00a0\u00a0\u00a0\u00a0\u00a0\u00a0\u00a0\u00a0\u00a0\u00a0\u00a0\u00a0\u00a0\u00a0\u00a0\u00a0\u00a0\u00a0\u00a0\u00a0\u00a0\u00a0\u00a0\u00a0\u00a0\u00a0\u00a0\u00a0\u00a0\u00a0\u00a0\u00a0\u00a0\u00a0\u00a0\u00a0\u00a0\u00a0\u00a0\u00a0\u00a0\u00a0\u00a0\u00a0\u00a0\u00a0\u00a0\u00a0\u00a0\u00a0\u00a0\u00a0\u00a0\u00a0\u00a0\u00a0\u00a0\u00a0\u00a0\u00a0\u00a0\u00a0\u00a0\u00a0\u00a0\u00a0\u00a0\u00a0\u00a0\u00a0\u00a0\u00a0\u00a0\u00a0\u00a0\u00a0\u00a0\u00a0\u00a0\u00a0\u00a0\u00a0\u00a0\u00a0\u00a0\u00a0\u00a0\u00a0 www.asvi.at<\/span><\/span><\/span><\/p>\n","protected":false},"excerpt":{"rendered":"<p>Liebe Radsportfreunde! Der Fr\u00fchling steht vor der T\u00fcr und Fr\u00fchlingszeit ist Radlerzeit. Wir freuen uns schon auf eine erfolgreiche Saison und hoffentlich einige gemeinsame Vereinsaktivit\u00e4ten im Jahr 2018! \u00a0 Termine: Sa. 14.04.18\u00a0\u00a0\u00a0 Vereinsausfahrt\u00a0\u00a0\u00a0\u00a0\u00a0\u00a0\u00a0\u00a0\u00a0\u00a0 \u00a0\u00a0\u00a0\u00a0\u00a0\u00a0\u00a0\u00a0\u00a0\u00a0\u00a0 (Abfahrt 14:00 Rangger Kapelle) Fr. 25.05.18\u00a0\u00a0\u00a0\u00a0 Kinderrennen\u00a0 \u00a0\u00a0\u00a0\u00a0\u00a0\u00a0\u00a0\u00a0\u00a0\u00a0\u00a0\u00a0\u00a0\u00a0\u00a0\u00a0\u00a0\u00a0\u00a0\u00a0\u00a0\u00a0\u00a0 (Start 16:00 Men\u00fcMobil) Fr. 15.06.18\u00a0\u00a0\u00a0\u00a0 Paarzeitfahren \u00a0\u00a0\u00a0\u00a0\u00a0\u00a0\u00a0\u00a0\u00a0\u00a0\u00a0 ( Start 18:00\u00a0 Strecke: Zirl Caf\u00e9&hellip;&nbsp;<a href=\"https:\/\/rad.asvi.at\/?p=6808\" class=\"\" rel=\"bookmark\">Weiterlesen &raquo;<span class=\"screen-reader-text\">START INS RADJAHR 2018 &#8211; 1. Aussendung<\/span><\/a><\/p>\n","protected":false},"author":2,"featured_media":6811,"comment_status":"open","ping_status":"closed","sticky":false,"template":"","format":"standard","meta":{"neve_meta_sidebar":"","neve_meta_container":"","neve_meta_enable_content_width":"","neve_meta_content_width":0,"neve_meta_title_alignment":"","neve_meta_author_avatar":"","neve_post_elements_order":"","neve_meta_disable_header":"","neve_meta_disable_footer":"","neve_meta_disable_title":"","footnotes":""},"categories":[9,10,11],"tags":[],"class_list":["post-6808","post","type-post","status-publish","format-standard","has-post-thumbnail","hentry","category-allgemein","category-hobbysport","category-rennsport"],"featured_image_urls":{"full":"","thumbnail":"","medium":"","medium_large":"","large":"","xl":"","xxl":"","xxxl":"","xxxxl":"","xxxxxl":"","1536x1536":"","2048x2048":"","neve-blog":""},"post_excerpt_stackable":"<p>Liebe Radsportfreunde! Der Fr\u00fchling steht vor der T\u00fcr und Fr\u00fchlingszeit ist Radlerzeit. Wir freuen uns schon auf eine erfolgreiche Saison und hoffentlich einige gemeinsame Vereinsaktivit\u00e4ten im Jahr 2018! \u00a0 Termine: Sa. 14.04.18\u00a0\u00a0\u00a0 Vereinsausfahrt\u00a0\u00a0\u00a0\u00a0\u00a0\u00a0\u00a0\u00a0\u00a0\u00a0 \u00a0\u00a0\u00a0\u00a0\u00a0\u00a0\u00a0\u00a0\u00a0\u00a0\u00a0 (Abfahrt 14:00 Rangger Kapelle) Fr. 25.05.18\u00a0\u00a0\u00a0\u00a0 Kinderrennen\u00a0 \u00a0\u00a0\u00a0\u00a0\u00a0\u00a0\u00a0\u00a0\u00a0\u00a0\u00a0\u00a0\u00a0\u00a0\u00a0\u00a0\u00a0\u00a0\u00a0\u00a0\u00a0\u00a0\u00a0 (Start 16:00 Men\u00fcMobil) Fr. 15.06.18\u00a0\u00a0\u00a0\u00a0 Paarzeitfahren \u00a0\u00a0\u00a0\u00a0\u00a0\u00a0\u00a0\u00a0\u00a0\u00a0\u00a0 ( Start 18:00\u00a0 Strecke: Zirl Caf\u00e9 Elisabeth nach Telfs Liebherr) So. 16.09.18\u00a0\u00a0\u00a0 Vereinsmeisterschaft (Startzeit und genaue Strecke wird nachgereicht) \u00a0 Die Termine f\u00fcr die monatlichen Ausfahrten sind gesondert aufgelistet. Aktuelle Termine, Infos und Verschiebungen werden immer auf unserer Homepage bekannt gegeben. www.radclub-inzing.at \u00a0 Vereinsshop: Die neue Bestellung Dressen sind eingetroffen und&hellip;<\/p>\n","category_list":"<a href=\"https:\/\/rad.asvi.at\/?cat=9\" rel=\"category\">Allgemein<\/a>, <a href=\"https:\/\/rad.asvi.at\/?cat=10\" rel=\"category\">Hobbysport<\/a>, <a href=\"https:\/\/rad.asvi.at\/?cat=11\" rel=\"category\">Rennsport<\/a>","author_info":{"name":"Roman","url":"https:\/\/rad.asvi.at\/?author=2"},"comments_num":"0 comments","_links":{"self":[{"href":"https:\/\/rad.asvi.at\/index.php?rest_route=\/wp\/v2\/posts\/6808","targetHints":{"allow":["GET"]}}],"collection":[{"href":"https:\/\/rad.asvi.at\/index.php?rest_route=\/wp\/v2\/posts"}],"about":[{"href":"https:\/\/rad.asvi.at\/index.php?rest_route=\/wp\/v2\/types\/post"}],"author":[{"embeddable":true,"href":"https:\/\/rad.asvi.at\/index.php?rest_route=\/wp\/v2\/users\/2"}],"replies":[{"embeddable":true,"href":"https:\/\/rad.asvi.at\/index.php?rest_route=%2Fwp%2Fv2%2Fcomments&post=6808"}],"version-history":[{"count":0,"href":"https:\/\/rad.asvi.at\/index.php?rest_route=\/wp\/v2\/posts\/6808\/revisions"}],"wp:featuredmedia":[{"embeddable":true,"href":"https:\/\/rad.asvi.at\/index.php?rest_route=\/"}],"wp:attachment":[{"href":"https:\/\/rad.asvi.at\/index.php?rest_route=%2Fwp%2Fv2%2Fmedia&parent=6808"}],"wp:term":[{"taxonomy":"category","embeddable":true,"href":"https:\/\/rad.asvi.at\/index.php?rest_route=%2Fwp%2Fv2%2Fcategories&post=6808"},{"taxonomy":"post_tag","embeddable":true,"href":"https:\/\/rad.asvi.at\/index.php?rest_route=%2Fwp%2Fv2%2Ftags&post=6808"}],"curies":[{"name":"wp","href":"https:\/\/api.w.org\/{rel}","templated":true}]}}