{"id":6819,"date":"2018-03-19T14:15:54","date_gmt":"2018-03-19T13:15:54","guid":{"rendered":"http:\/\/www.radclub-inzing.at\/?p=6819"},"modified":"2018-03-19T14:15:54","modified_gmt":"2018-03-19T13:15:54","slug":"neues-vereinsfahrzeug","status":"publish","type":"post","link":"https:\/\/rad.asvi.at\/?p=6819","title":{"rendered":"NEUES VEREINSFAHRZEUG"},"content":{"rendered":"<p>Voller Stolz darf die Rennabteilung des ASVI Sektion Rad verk\u00fcnden, dass wir unser neues Vereinsfahrzeug bekommen haben! Nachdem es f\u00fcr heuer leider nicht mehr m\u00f6glich war, dass uns unser langj\u00e4hriger Fahrzeugsponsor Auto-Neurauter aus Telfs wieder ein Fahrzeug f\u00fcr ein halbes Jahr zur Verf\u00fcgung stellt, auch von anderen Autofirmen in \u00e4hnlicher Form (Automiete f\u00fcr ein halbes Jahr) kein Sponsor gefunden werden konnte, haben wir uns dazu entschlossen wieder ein vereinseigenes Fahrzeug anzuschaffen. Dabei fanden wir mit der Fa Fiat-L\u00fcftner einen zuverl\u00e4ssigen Partner (auch das Tirol-Cyclingteam vertraut auf Fiat-L\u00fcftner), der uns das beste Angebot machte. Ohne zus\u00e4tzlich aufgetriebene Sponsoren w\u00e4re diese Anschaffung aber nicht m\u00f6glich gewesen! DANKE an alle die mitgeholfen haben, dass wir weiterhin mobil (!) sind!<\/p>\n","protected":false},"excerpt":{"rendered":"<p>Voller Stolz darf die Rennabteilung des ASVI Sektion Rad verk\u00fcnden, dass wir unser neues Vereinsfahrzeug bekommen haben! Nachdem es f\u00fcr heuer leider nicht mehr m\u00f6glich war, dass uns unser langj\u00e4hriger Fahrzeugsponsor Auto-Neurauter aus Telfs wieder ein Fahrzeug f\u00fcr ein halbes Jahr zur Verf\u00fcgung stellt, auch von anderen Autofirmen in \u00e4hnlicher Form (Automiete f\u00fcr ein halbes&hellip;&nbsp;<a href=\"https:\/\/rad.asvi.at\/?p=6819\" class=\"\" rel=\"bookmark\">Weiterlesen &raquo;<span class=\"screen-reader-text\">NEUES VEREINSFAHRZEUG<\/span><\/a><\/p>\n","protected":false},"author":2,"featured_media":6810,"comment_status":"open","ping_status":"closed","sticky":false,"template":"","format":"standard","meta":{"neve_meta_sidebar":"","neve_meta_container":"","neve_meta_enable_content_width":"","neve_meta_content_width":0,"neve_meta_title_alignment":"","neve_meta_author_avatar":"","neve_post_elements_order":"","neve_meta_disable_header":"","neve_meta_disable_footer":"","neve_meta_disable_title":"","footnotes":""},"categories":[9,11],"tags":[],"class_list":["post-6819","post","type-post","status-publish","format-standard","has-post-thumbnail","hentry","category-allgemein","category-rennsport"],"featured_image_urls":{"full":"","thumbnail":"","medium":"","medium_large":"","large":"","xl":"","xxl":"","xxxl":"","xxxxl":"","xxxxxl":"","1536x1536":"","2048x2048":"","neve-blog":""},"post_excerpt_stackable":"<p>Voller Stolz darf die Rennabteilung des ASVI Sektion Rad verk\u00fcnden, dass wir unser neues Vereinsfahrzeug bekommen haben! Nachdem es f\u00fcr heuer leider nicht mehr m\u00f6glich war, dass uns unser langj\u00e4hriger Fahrzeugsponsor Auto-Neurauter aus Telfs wieder ein Fahrzeug f\u00fcr ein halbes Jahr zur Verf\u00fcgung stellt, auch von anderen Autofirmen in \u00e4hnlicher Form (Automiete f\u00fcr ein halbes Jahr) kein Sponsor gefunden werden konnte, haben wir uns dazu entschlossen wieder ein vereinseigenes Fahrzeug anzuschaffen. Dabei fanden wir mit der Fa Fiat-L\u00fcftner einen zuverl\u00e4ssigen Partner (auch das Tirol-Cyclingteam vertraut auf Fiat-L\u00fcftner), der uns das beste Angebot machte. Ohne zus\u00e4tzlich aufgetriebene Sponsoren w\u00e4re diese Anschaffung&hellip;<\/p>\n","category_list":"<a href=\"https:\/\/rad.asvi.at\/?cat=9\" rel=\"category\">Allgemein<\/a>, <a href=\"https:\/\/rad.asvi.at\/?cat=11\" rel=\"category\">Rennsport<\/a>","author_info":{"name":"Roman","url":"https:\/\/rad.asvi.at\/?author=2"},"comments_num":"0 comments","_links":{"self":[{"href":"https:\/\/rad.asvi.at\/index.php?rest_route=\/wp\/v2\/posts\/6819","targetHints":{"allow":["GET"]}}],"collection":[{"href":"https:\/\/rad.asvi.at\/index.php?rest_route=\/wp\/v2\/posts"}],"about":[{"href":"https:\/\/rad.asvi.at\/index.php?rest_route=\/wp\/v2\/types\/post"}],"author":[{"embeddable":true,"href":"https:\/\/rad.asvi.at\/index.php?rest_route=\/wp\/v2\/users\/2"}],"replies":[{"embeddable":true,"href":"https:\/\/rad.asvi.at\/index.php?rest_route=%2Fwp%2Fv2%2Fcomments&post=6819"}],"version-history":[{"count":0,"href":"https:\/\/rad.asvi.at\/index.php?rest_route=\/wp\/v2\/posts\/6819\/revisions"}],"wp:featuredmedia":[{"embeddable":true,"href":"https:\/\/rad.asvi.at\/index.php?rest_route=\/"}],"wp:attachment":[{"href":"https:\/\/rad.asvi.at\/index.php?rest_route=%2Fwp%2Fv2%2Fmedia&parent=6819"}],"wp:term":[{"taxonomy":"category","embeddable":true,"href":"https:\/\/rad.asvi.at\/index.php?rest_route=%2Fwp%2Fv2%2Fcategories&post=6819"},{"taxonomy":"post_tag","embeddable":true,"href":"https:\/\/rad.asvi.at\/index.php?rest_route=%2Fwp%2Fv2%2Ftags&post=6819"}],"curies":[{"name":"wp","href":"https:\/\/api.w.org\/{rel}","templated":true}]}}