{"id":6839,"date":"2018-03-19T15:04:21","date_gmt":"2018-03-19T14:04:21","guid":{"rendered":"http:\/\/www.radclub-inzing.at\/?p=6839"},"modified":"2018-03-19T15:04:21","modified_gmt":"2018-03-19T14:04:21","slug":"u17-nationalteam-trainingslager","status":"publish","type":"post","link":"https:\/\/rad.asvi.at\/?p=6839","title":{"rendered":"U17-Nationalteam-Trainingslager"},"content":{"rendered":"<p>Lukas Grie\u00dfer (U17\/1.Jahr) bekam seine erste Einberufung f\u00fcr das Nationalteam! In F\u00fcrstenfeld (S\u00fcdoststeiermark) fand letzte Woche ein mehrt\u00e4giger Radfahrlehrgang des \u00d6sterreichischen U17-Nationalkaders unter der Leitung von Nationaltrainer Richard Kachlmaier statt. Bei eher k\u00fchleren Temperaturen spulten die jungen Rennfahrer einige hundert Kilometer ab. Die Fahrer werden behutsam f\u00fcr die bevorstehenden Internationalen Wettk\u00e4mpfe aufgebaut<\/p>\n","protected":false},"excerpt":{"rendered":"<p>Lukas Grie\u00dfer (U17\/1.Jahr) bekam seine erste Einberufung f\u00fcr das Nationalteam! In F\u00fcrstenfeld (S\u00fcdoststeiermark) fand letzte Woche ein mehrt\u00e4giger Radfahrlehrgang des \u00d6sterreichischen U17-Nationalkaders unter der Leitung von Nationaltrainer Richard Kachlmaier statt. Bei eher k\u00fchleren Temperaturen spulten die jungen Rennfahrer einige hundert Kilometer ab. Die Fahrer werden behutsam f\u00fcr die bevorstehenden Internationalen Wettk\u00e4mpfe aufgebaut<\/p>\n","protected":false},"author":2,"featured_media":6840,"comment_status":"open","ping_status":"closed","sticky":false,"template":"","format":"standard","meta":{"neve_meta_sidebar":"","neve_meta_container":"","neve_meta_enable_content_width":"","neve_meta_content_width":0,"neve_meta_title_alignment":"","neve_meta_author_avatar":"","neve_post_elements_order":"","neve_meta_disable_header":"","neve_meta_disable_footer":"","neve_meta_disable_title":"","footnotes":""},"categories":[9],"tags":[],"class_list":["post-6839","post","type-post","status-publish","format-standard","has-post-thumbnail","hentry","category-allgemein"],"featured_image_urls":{"full":"","thumbnail":"","medium":"","medium_large":"","large":"","xl":"","xxl":"","xxxl":"","xxxxl":"","xxxxxl":"","1536x1536":"","2048x2048":"","neve-blog":""},"post_excerpt_stackable":"<p>Lukas Grie\u00dfer (U17\/1.Jahr) bekam seine erste Einberufung f\u00fcr das Nationalteam! In F\u00fcrstenfeld (S\u00fcdoststeiermark) fand letzte Woche ein mehrt\u00e4giger Radfahrlehrgang des \u00d6sterreichischen U17-Nationalkaders unter der Leitung von Nationaltrainer Richard Kachlmaier statt. Bei eher k\u00fchleren Temperaturen spulten die jungen Rennfahrer einige hundert Kilometer ab. Die Fahrer werden behutsam f\u00fcr die bevorstehenden Internationalen Wettk\u00e4mpfe aufgebaut<\/p>\n","category_list":"<a href=\"https:\/\/rad.asvi.at\/?cat=9\" rel=\"category\">Allgemein<\/a>","author_info":{"name":"Roman","url":"https:\/\/rad.asvi.at\/?author=2"},"comments_num":"0 comments","_links":{"self":[{"href":"https:\/\/rad.asvi.at\/index.php?rest_route=\/wp\/v2\/posts\/6839","targetHints":{"allow":["GET"]}}],"collection":[{"href":"https:\/\/rad.asvi.at\/index.php?rest_route=\/wp\/v2\/posts"}],"about":[{"href":"https:\/\/rad.asvi.at\/index.php?rest_route=\/wp\/v2\/types\/post"}],"author":[{"embeddable":true,"href":"https:\/\/rad.asvi.at\/index.php?rest_route=\/wp\/v2\/users\/2"}],"replies":[{"embeddable":true,"href":"https:\/\/rad.asvi.at\/index.php?rest_route=%2Fwp%2Fv2%2Fcomments&post=6839"}],"version-history":[{"count":0,"href":"https:\/\/rad.asvi.at\/index.php?rest_route=\/wp\/v2\/posts\/6839\/revisions"}],"wp:featuredmedia":[{"embeddable":true,"href":"https:\/\/rad.asvi.at\/index.php?rest_route=\/"}],"wp:attachment":[{"href":"https:\/\/rad.asvi.at\/index.php?rest_route=%2Fwp%2Fv2%2Fmedia&parent=6839"}],"wp:term":[{"taxonomy":"category","embeddable":true,"href":"https:\/\/rad.asvi.at\/index.php?rest_route=%2Fwp%2Fv2%2Fcategories&post=6839"},{"taxonomy":"post_tag","embeddable":true,"href":"https:\/\/rad.asvi.at\/index.php?rest_route=%2Fwp%2Fv2%2Ftags&post=6839"}],"curies":[{"name":"wp","href":"https:\/\/api.w.org\/{rel}","templated":true}]}}