{"id":6846,"date":"2018-04-15T22:31:24","date_gmt":"2018-04-15T20:31:24","guid":{"rendered":"http:\/\/www.radclub-inzing.at\/?p=6846"},"modified":"2018-04-15T22:31:24","modified_gmt":"2018-04-15T20:31:24","slug":"lukas-grieser-siegt-auf-der-hungerburg","status":"publish","type":"post","link":"https:\/\/rad.asvi.at\/?p=6846","title":{"rendered":"Lukas Grie\u00dfer siegt auf der Hungerburg!"},"content":{"rendered":"<p>Samstag fand bei traumhaften, fast schon sommerlichen Bedingungen, das traditionelle <strong>Hungerburg-Bergrennen<\/strong> statt. Dabei geht es von der H\u00f6ttinger Kirche 3,6 km hinauf auf die Innsbrucker Hungerburg. Dieser &#8222;Berg&#8220;, der schon seit vielen Jahrzehnten rennm\u00e4\u00dfig mit dem Rad befahren wird, wird wohl im Herbst 2018 endg\u00fcltig in die &#8222;Annalen&#8220; des Radrennsports eingehen, wenn er als Schlussanstieg bei der UCI-Stra\u00dfenweltmeisterschaft von der viel schwierigeren Auffahrt &#8222;H\u00f6ll&#8220; aus (28%!) &#8222;erklommen&#8220; werden muss.<br \/>\nVier Radrennfahrer vom Inzinger Verein<strong> \u00d6AMTC RAIKA BKD ASVI<\/strong> gingen voll motiviert an den Start. Eine b\u00e4renstarke Vorstellung bot<strong><em> Lukas Grie\u00dfer U 17<\/em><\/strong> (1.Jahr), der bereits beim Steinbruch attackierte\u00a0 und alle &#8222;stehen&#8220; lie\u00df. Immerhin war das Rennen mit dem amtierenden \u00d6sterreichischen Meister Tim Wafler aus Wien top besetzt! Lukas siegte solo in der Zeit von 10:22 Minuten.<br \/>\nBei ihrem ersten Lizenzrennen ausgezeichnete 2. wurde <strong><em>Ramona Grie\u00dfer (U 14)<\/em><\/strong>!<br \/>\n<strong><em>Florian Hirsch<\/em><\/strong> und <strong><em>Elias Farbmacher<\/em><\/strong> deb\u00fctierten bei ihrem ersten Rennen in der Amateure-Klasse. Sie belegten immerhin den 9. und 12. Platz.<br \/>\nAm Sonntag fand dann das <strong>&#8222;Ernst-Feuchtner-Ged\u00e4chtnisrennen&#8220; in Langkampfen<\/strong> bei Kufstein statt. Das Rennen z\u00e4hlte zum \u00d6sterreichischen Nachwuchscup.<strong><em> Ramona Grie\u00dfer <\/em><\/strong>k\u00e4mpfte wieder ganz toll und holte als 5. bei den M\u00e4dchen U 14 ihr erstes Preisgeld!<strong><em> Lukas <\/em><\/strong>ihr Bruder verpasste leider (wie auch der Rest des Feldes!) bereits in der 3. Runde die entscheidende Attacke des amtierenden \u00d6sterreichischen Meisters Tim Wafler. Dieser siegte solo und Lukas belegte im Massensprint des Feldes den 9. Platz.<\/p>\n","protected":false},"excerpt":{"rendered":"<p>Samstag fand bei traumhaften, fast schon sommerlichen Bedingungen, das traditionelle Hungerburg-Bergrennen statt. Dabei geht es von der H\u00f6ttinger Kirche 3,6 km hinauf auf die Innsbrucker Hungerburg. Dieser &#8222;Berg&#8220;, der schon seit vielen Jahrzehnten rennm\u00e4\u00dfig mit dem Rad befahren wird, wird wohl im Herbst 2018 endg\u00fcltig in die &#8222;Annalen&#8220; des Radrennsports eingehen, wenn er als Schlussanstieg&hellip;&nbsp;<a href=\"https:\/\/rad.asvi.at\/?p=6846\" class=\"\" rel=\"bookmark\">Weiterlesen &raquo;<span class=\"screen-reader-text\">Lukas Grie\u00dfer siegt auf der Hungerburg!<\/span><\/a><\/p>\n","protected":false},"author":2,"featured_media":6850,"comment_status":"open","ping_status":"closed","sticky":false,"template":"","format":"standard","meta":{"neve_meta_sidebar":"","neve_meta_container":"","neve_meta_enable_content_width":"","neve_meta_content_width":0,"neve_meta_title_alignment":"","neve_meta_author_avatar":"","neve_post_elements_order":"","neve_meta_disable_header":"","neve_meta_disable_footer":"","neve_meta_disable_title":"","footnotes":""},"categories":[9,11],"tags":[],"class_list":["post-6846","post","type-post","status-publish","format-standard","has-post-thumbnail","hentry","category-allgemein","category-rennsport"],"featured_image_urls":{"full":"","thumbnail":"","medium":"","medium_large":"","large":"","xl":"","xxl":"","xxxl":"","xxxxl":"","xxxxxl":"","1536x1536":"","2048x2048":"","neve-blog":""},"post_excerpt_stackable":"<p>Samstag fand bei traumhaften, fast schon sommerlichen Bedingungen, das traditionelle Hungerburg-Bergrennen statt. Dabei geht es von der H\u00f6ttinger Kirche 3,6 km hinauf auf die Innsbrucker Hungerburg. Dieser &#8222;Berg&#8220;, der schon seit vielen Jahrzehnten rennm\u00e4\u00dfig mit dem Rad befahren wird, wird wohl im Herbst 2018 endg\u00fcltig in die &#8222;Annalen&#8220; des Radrennsports eingehen, wenn er als Schlussanstieg bei der UCI-Stra\u00dfenweltmeisterschaft von der viel schwierigeren Auffahrt &#8222;H\u00f6ll&#8220; aus (28%!) &#8222;erklommen&#8220; werden muss. Vier Radrennfahrer vom Inzinger Verein \u00d6AMTC RAIKA BKD ASVI gingen voll motiviert an den Start. Eine b\u00e4renstarke Vorstellung bot Lukas Grie\u00dfer U 17 (1.Jahr), der bereits beim Steinbruch attackierte\u00a0 und alle&hellip;<\/p>\n","category_list":"<a href=\"https:\/\/rad.asvi.at\/?cat=9\" rel=\"category\">Allgemein<\/a>, <a href=\"https:\/\/rad.asvi.at\/?cat=11\" rel=\"category\">Rennsport<\/a>","author_info":{"name":"Roman","url":"https:\/\/rad.asvi.at\/?author=2"},"comments_num":"0 comments","_links":{"self":[{"href":"https:\/\/rad.asvi.at\/index.php?rest_route=\/wp\/v2\/posts\/6846","targetHints":{"allow":["GET"]}}],"collection":[{"href":"https:\/\/rad.asvi.at\/index.php?rest_route=\/wp\/v2\/posts"}],"about":[{"href":"https:\/\/rad.asvi.at\/index.php?rest_route=\/wp\/v2\/types\/post"}],"author":[{"embeddable":true,"href":"https:\/\/rad.asvi.at\/index.php?rest_route=\/wp\/v2\/users\/2"}],"replies":[{"embeddable":true,"href":"https:\/\/rad.asvi.at\/index.php?rest_route=%2Fwp%2Fv2%2Fcomments&post=6846"}],"version-history":[{"count":0,"href":"https:\/\/rad.asvi.at\/index.php?rest_route=\/wp\/v2\/posts\/6846\/revisions"}],"wp:featuredmedia":[{"embeddable":true,"href":"https:\/\/rad.asvi.at\/index.php?rest_route=\/"}],"wp:attachment":[{"href":"https:\/\/rad.asvi.at\/index.php?rest_route=%2Fwp%2Fv2%2Fmedia&parent=6846"}],"wp:term":[{"taxonomy":"category","embeddable":true,"href":"https:\/\/rad.asvi.at\/index.php?rest_route=%2Fwp%2Fv2%2Fcategories&post=6846"},{"taxonomy":"post_tag","embeddable":true,"href":"https:\/\/rad.asvi.at\/index.php?rest_route=%2Fwp%2Fv2%2Ftags&post=6846"}],"curies":[{"name":"wp","href":"https:\/\/api.w.org\/{rel}","templated":true}]}}