{"id":6862,"date":"2018-05-08T22:30:42","date_gmt":"2018-05-08T20:30:42","guid":{"rendered":"http:\/\/www.radclub-inzing.at\/?p=6862"},"modified":"2018-05-08T22:30:42","modified_gmt":"2018-05-08T20:30:42","slug":"starke-vorstellung-von-lukas-grieser-bei-erstem-internationalen-etappenrennen-in-tschechien","status":"publish","type":"post","link":"https:\/\/rad.asvi.at\/?p=6862","title":{"rendered":"Starke Vorstellung von Lukas Grie\u00dfer bei erstem Internationalen Etappenrennen in Tschechien!"},"content":{"rendered":"<p>4.5. bis 6.5. Jevicko\/TSCH<\/p>\n<p>Bei seinem ersten offiziellen Nationalteam-Einsatz ging es f\u00fcr Lukas und weitere 6 U17 Fahrern nach Tschechien (Jevicko)! An drei aufeinander folgendenTagen standen 5 anspruchsvolle Etappen f\u00fcr die insgesamt 140 U17 Fahrer aus 12 Nationen am Plan! Am <strong>Freitag <\/strong>Vormittag um 9Uhr ging es mit dem<strong> Prolog<\/strong> direkt am Hauptplatz von Jevicko los. Ein technisch sehr schwerer, auf Kopfsteinpflaster, 1600m langer Prolog mit Wende. Lukas gelang ein sensationeller Auftakt, und er belegte bei der ersten Etappe gleich Platz<strong> 13<\/strong>, als zweitschnellster seines Jahrgangs. Am Nachmittag dann ein <strong>Rundstreckenrennen<\/strong> \u00fcber 80km\/1400hm, wo es so richtig zur Sache ging (39km\/h Schnitt). Gleich vom Start weg wurde ein sehr hohes Tempo gefahren und jede Steigung mit der gro\u00dfen Scheibe genommen! Im Ziel kam Lukas als Bester der 7 \u00d6sterreicher auf Platz 24 und war in der Gesamtwertung nach dem ersten Tag an ausgezeichneter 13 Stelle. Von Anfang an war f\u00fcr Richard Kachlmeir klar, dass Lukas auf die Gesamtwertung fahren soll und die anderen Jungs ihn dabei bei den Berg- und Sprintwertungen wo es Zeitgutschriften gab, unterst\u00fctzen sollen. Am <strong>Samstag<\/strong> zuerst ein <strong>kriterium\u00e4hnliches<\/strong> <strong>Rennen<\/strong>, wo er mit dem Hauptfeld ins Ziel fuhr und sogar einen Platz in der Wertung gutmachen konnte. Am Nachmittag die n\u00e4chste h\u00fcgelige<strong> Etappe<\/strong> \u00fcber 78km\/1000hm. Wieder dr\u00fcckten die Burschen vom Anfang an voll in die Pedale und hielten das Tempo sehr hoch, bei den Abfahrten teilweise bis 85km\/h im Feld. Von Kr\u00e4mpfen geplagt, kam Lukas voll entkr\u00e4ftet mit Hilfe seiner Teamkollegen im zweiten Paket dann als 35igster \u00fcber die Ziellinie. Am <strong>Sonntag<\/strong> dann das Finale mit einem 15,5km langen<strong> Einzelzeitfahren<\/strong> das den Jungs noch einmal alles abverlangte. Bei der 5ten Etappe blieb Lukas hinter seinen Erwartungen auf Platz 29. In der <strong>Gesamtwertung<\/strong> verlor er einige Pl\u00e4tze und wurde<strong> 19<\/strong>ter, <strong>bester \u00d6sterreicher<\/strong> und bei den Erstj\u00e4hrigen <strong>6<\/strong>ter.<\/p>\n","protected":false},"excerpt":{"rendered":"<p>4.5. bis 6.5. Jevicko\/TSCH Bei seinem ersten offiziellen Nationalteam-Einsatz ging es f\u00fcr Lukas und weitere 6 U17 Fahrern nach Tschechien (Jevicko)! An drei aufeinander folgendenTagen standen 5 anspruchsvolle Etappen f\u00fcr die insgesamt 140 U17 Fahrer aus 12 Nationen am Plan! Am Freitag Vormittag um 9Uhr ging es mit dem Prolog direkt am Hauptplatz von Jevicko&hellip;&nbsp;<a href=\"https:\/\/rad.asvi.at\/?p=6862\" class=\"\" rel=\"bookmark\">Weiterlesen &raquo;<span class=\"screen-reader-text\">Starke Vorstellung von Lukas Grie\u00dfer bei erstem Internationalen Etappenrennen in Tschechien!<\/span><\/a><\/p>\n","protected":false},"author":2,"featured_media":6865,"comment_status":"open","ping_status":"closed","sticky":false,"template":"","format":"standard","meta":{"neve_meta_sidebar":"","neve_meta_container":"","neve_meta_enable_content_width":"","neve_meta_content_width":0,"neve_meta_title_alignment":"","neve_meta_author_avatar":"","neve_post_elements_order":"","neve_meta_disable_header":"","neve_meta_disable_footer":"","neve_meta_disable_title":"","footnotes":""},"categories":[9,11],"tags":[],"class_list":["post-6862","post","type-post","status-publish","format-standard","has-post-thumbnail","hentry","category-allgemein","category-rennsport"],"featured_image_urls":{"full":"","thumbnail":"","medium":"","medium_large":"","large":"","xl":"","xxl":"","xxxl":"","xxxxl":"","xxxxxl":"","1536x1536":"","2048x2048":"","neve-blog":""},"post_excerpt_stackable":"<p>4.5. bis 6.5. Jevicko\/TSCH Bei seinem ersten offiziellen Nationalteam-Einsatz ging es f\u00fcr Lukas und weitere 6 U17 Fahrern nach Tschechien (Jevicko)! An drei aufeinander folgendenTagen standen 5 anspruchsvolle Etappen f\u00fcr die insgesamt 140 U17 Fahrer aus 12 Nationen am Plan! Am Freitag Vormittag um 9Uhr ging es mit dem Prolog direkt am Hauptplatz von Jevicko los. Ein technisch sehr schwerer, auf Kopfsteinpflaster, 1600m langer Prolog mit Wende. Lukas gelang ein sensationeller Auftakt, und er belegte bei der ersten Etappe gleich Platz 13, als zweitschnellster seines Jahrgangs. Am Nachmittag dann ein Rundstreckenrennen \u00fcber 80km\/1400hm, wo es so richtig zur Sache ging&hellip;<\/p>\n","category_list":"<a href=\"https:\/\/rad.asvi.at\/?cat=9\" rel=\"category\">Allgemein<\/a>, <a href=\"https:\/\/rad.asvi.at\/?cat=11\" rel=\"category\">Rennsport<\/a>","author_info":{"name":"Roman","url":"https:\/\/rad.asvi.at\/?author=2"},"comments_num":"0 comments","_links":{"self":[{"href":"https:\/\/rad.asvi.at\/index.php?rest_route=\/wp\/v2\/posts\/6862","targetHints":{"allow":["GET"]}}],"collection":[{"href":"https:\/\/rad.asvi.at\/index.php?rest_route=\/wp\/v2\/posts"}],"about":[{"href":"https:\/\/rad.asvi.at\/index.php?rest_route=\/wp\/v2\/types\/post"}],"author":[{"embeddable":true,"href":"https:\/\/rad.asvi.at\/index.php?rest_route=\/wp\/v2\/users\/2"}],"replies":[{"embeddable":true,"href":"https:\/\/rad.asvi.at\/index.php?rest_route=%2Fwp%2Fv2%2Fcomments&post=6862"}],"version-history":[{"count":0,"href":"https:\/\/rad.asvi.at\/index.php?rest_route=\/wp\/v2\/posts\/6862\/revisions"}],"wp:featuredmedia":[{"embeddable":true,"href":"https:\/\/rad.asvi.at\/index.php?rest_route=\/"}],"wp:attachment":[{"href":"https:\/\/rad.asvi.at\/index.php?rest_route=%2Fwp%2Fv2%2Fmedia&parent=6862"}],"wp:term":[{"taxonomy":"category","embeddable":true,"href":"https:\/\/rad.asvi.at\/index.php?rest_route=%2Fwp%2Fv2%2Fcategories&post=6862"},{"taxonomy":"post_tag","embeddable":true,"href":"https:\/\/rad.asvi.at\/index.php?rest_route=%2Fwp%2Fv2%2Ftags&post=6862"}],"curies":[{"name":"wp","href":"https:\/\/api.w.org\/{rel}","templated":true}]}}